{"id":14851,"date":"2022-05-16T09:11:17","date_gmt":"2022-05-16T08:11:17","guid":{"rendered":"https:\/\/letempsmag.ma\/?p=14851"},"modified":"2022-05-16T09:11:18","modified_gmt":"2022-05-16T08:11:18","slug":"la-narsa-lance-un-nouveau-bouquet-de-prestations-pour-les-professionnels-et-le-grand-public","status":"publish","type":"post","link":"https:\/\/letempsmag.ma\/?p=14851","title":{"rendered":"La NARSA lance un nouveau bouquet de prestations pour les professionnels et le grand public"},"content":{"rendered":"\n<p>L\u2019Agence nationale de la s\u00e9curit\u00e9 routi\u00e8re (NARSA) a d\u00e9voil\u00e9, vendredi dernier \u00e0 Rabat, un nouveau bouquet de services digitaux destin\u00e9s aux professionnels et au grand public, dans le cadre de la mise en \u0153uvre de son plan de communication et de son programme d\u2019action au titre de l\u2019ann\u00e9e 2022. Le bouquet de E-services a \u00e9t\u00e9 pr\u00e9sent\u00e9 par le Directeur G\u00e9n\u00e9ral de la NARSA, Benacer Boulaajoul, lors d\u2019une conf\u00e9rence de presse. Il vise \u00e0 renforcer son ouverture, son interaction et sa communication continue avec le grand public et \u00e0 moderniser son syst\u00e8me de services de communication en d\u00e9veloppant et diffusant une web TV baptis\u00e9e \u00abNARSA TV\u00bb, la premi\u00e8re du genre dans le domaine de la s\u00e9curit\u00e9 routi\u00e8re au Maroc. Elle vise \u00e0 permettre aux usagers d\u2019acc\u00e9der et de b\u00e9n\u00e9ficier d\u2019un contenu digital diversifi\u00e9 et renouvelable.<\/p>\n\n\n\n<p>La NARSA a \u00e9galement lanc\u00e9 une nouvelle version de son site internet \u00abwww.narsa.ma\u00bb regroupant trois espaces int\u00e9gr\u00e9s qui traduisent le discours communicatif de l\u2019agence dans ses aspects institutionnel, comportemental et de services, selon le patron de la NARSA.<\/p>\n\n\n\n<p>L\u2019espace institutionnel est vise \u00e0 fournir et \u00e0 visualiser l\u2019actualit\u00e9 li\u00e9e aux activit\u00e9s de l\u2019Agence et de ses partenaires dans le domaine de la s\u00e9curit\u00e9 routi\u00e8re au Maroc afin de renforcer sa r\u00e9putation, d\u2019am\u00e9liorer son image institutionnelle et d\u2019accompagner les efforts fournis par l\u2019Agence et tous les acteurs politiques, \u00e9conomiques, professionnels et de la soci\u00e9t\u00e9 civile. L\u2019espace de sensibilisation, d\u2019\u00e9ducation et de pr\u00e9vention est destin\u00e9 \u00e0 sensibiliser aux exigences de l\u2019\u00e9ducation \u00e0 la s\u00e9curit\u00e9 routi\u00e8re, vu que son contenu digital encadre le comportement des diff\u00e9rentes cat\u00e9gories d\u2019usagers de la route et assure leur implication positive dans le partage de l\u2019espace routier.<\/p>\n\n\n\n<p>Des E-services nouveaux, destin\u00e9s aux usagers professionnels, ont \u00e9t\u00e9 lanc\u00e9s \u00e0 travers deux portails num\u00e9riques&nbsp;: \u00abtajdid-hadira.narsa.gov.ma\u00bb pour la gestion du programme de renouvellement et de la casse, destin\u00e9 aux entreprises de transport routier pour les tiers, et le portail \u00abtasrih-saeq.narsa.gov.ma\u00bb relatif \u00e0 la d\u00e9claration pr\u00e9alable du conducteur de v\u00e9hicule ou de la personne ayant la responsabilit\u00e9 civile, destin\u00e9 aux administrations, aux \u00e9tablissements publics, aux collectivit\u00e9s territoriales, aux agences de location de voitures, aux entreprises priv\u00e9es et \u00e0 toute personne morale disposant d\u2019un parc de v\u00e9hicules utilis\u00e9s par un groupe de chauffeurs.<\/p>\n\n\n\n<p>Une autre convention relative au traitement d\u00e9mat\u00e9rialis\u00e9 des demandes de la prime de renouvellement et de la prime \u00e0 la casse des v\u00e9hicules concern\u00e9s par le programme de renouvellement du parc de transport routier, a \u00e9t\u00e9 sign\u00e9 avec le Groupement du Poids Lourd et de la Carrosserie (GPLC), tandis qu\u2019un autre accord portant sur l\u2019exploitation d\u2019un site de d\u00e9molition des v\u00e9hicules, concern\u00e9s par le programme de renouvellement du parc de transport routier, a \u00e9t\u00e9 sign\u00e9 avec quatre soci\u00e9t\u00e9s de d\u00e9molition de v\u00e9hicules.<\/p>\n\n\n\n<p><strong>C. A.<\/strong><\/p>\n","protected":false},"excerpt":{"rendered":"<p>L\u2019Agence nationale de la s\u00e9curit\u00e9 routi\u00e8re (NARSA) a d\u00e9voil\u00e9, vendredi dernier \u00e0 Rabat, un nouveau bouquet de services digitaux destin\u00e9s aux professionnels et au grand public, dans le cadre de la mise en \u0153uvre de son plan de communication et de son programme d\u2019action au titre de l\u2019ann\u00e9e 2022. Le bouquet de E-services a \u00e9t\u00e9 &hellip;<\/p>\n","protected":false},"author":2,"featured_media":14852,"comment_status":"open","ping_status":"closed","sticky":false,"template":"","format":"standard","meta":{"footnotes":""},"categories":[181],"tags":[],"class_list":["post-14851","post","type-post","status-publish","format-standard","has-post-thumbnail","hentry","category-e-services"],"_links":{"self":[{"href":"https:\/\/letempsmag.ma\/index.php?rest_route=\/wp\/v2\/posts\/14851","targetHints":{"allow":["GET"]}}],"collection":[{"href":"https:\/\/letempsmag.ma\/index.php?rest_route=\/wp\/v2\/posts"}],"about":[{"href":"https:\/\/letempsmag.ma\/index.php?rest_route=\/wp\/v2\/types\/post"}],"author":[{"embeddable":true,"href":"https:\/\/letempsmag.ma\/index.php?rest_route=\/wp\/v2\/users\/2"}],"replies":[{"embeddable":true,"href":"https:\/\/letempsmag.ma\/index.php?rest_route=%2Fwp%2Fv2%2Fcomments&post=14851"}],"version-history":[{"count":1,"href":"https:\/\/letempsmag.ma\/index.php?rest_route=\/wp\/v2\/posts\/14851\/revisions"}],"predecessor-version":[{"id":14853,"href":"https:\/\/letempsmag.ma\/index.php?rest_route=\/wp\/v2\/posts\/14851\/revisions\/14853"}],"wp:featuredmedia":[{"embeddable":true,"href":"https:\/\/letempsmag.ma\/index.php?rest_route=\/wp\/v2\/media\/14852"}],"wp:attachment":[{"href":"https:\/\/letempsmag.ma\/index.php?rest_route=%2Fwp%2Fv2%2Fmedia&parent=14851"}],"wp:term":[{"taxonomy":"category","embeddable":true,"href":"https:\/\/letempsmag.ma\/index.php?rest_route=%2Fwp%2Fv2%2Fcategories&post=14851"},{"taxonomy":"post_tag","embeddable":true,"href":"https:\/\/letempsmag.ma\/index.php?rest_route=%2Fwp%2Fv2%2Ftags&post=14851"}],"curies":[{"name":"wp","href":"https:\/\/api.w.org\/{rel}","templated":true}]}}