{"id":14848,"date":"2022-05-16T09:10:24","date_gmt":"2022-05-16T08:10:24","guid":{"rendered":"https:\/\/letempsmag.ma\/?p=14848"},"modified":"2022-05-16T09:10:25","modified_gmt":"2022-05-16T08:10:25","slug":"le-cndh-plaide-pour-une-approche-mieux-encadree-dans-la-mise-en-oeuvre-du-nmd","status":"publish","type":"post","link":"https:\/\/letempsmag.ma\/?p=14848","title":{"rendered":"Le CNDH plaide pour une approche mieux encadr\u00e9e dans la mise en \u0153uvre du NMD"},"content":{"rendered":"\n<p>Dans son rapport au titre de l\u2019ann\u00e9e 2021, r\u00e9cemment publi\u00e9, le Conseil National des Droits de l\u2019Homme (CNDH), pr\u00e9sid\u00e9 par Amina Bouayach (photo), a plaid\u00e9 pour l\u2019adoption d\u2019une approche bas\u00e9e sur les droits humains dans la mise en \u0153uvre du nouveau Mod\u00e8le de d\u00e9veloppement (NMD), en tenant compte des objectifs de d\u00e9veloppement durable et des principes de participation, de reddition des comptes, de non-discrimination, d\u2019autonomisation et de l\u00e9gitimit\u00e9.<\/p>\n\n\n\n<p>\u00c0 l\u2019occasion de la publication de ce rapport annuel sur la situation des droits de l\u2019homme au Maroc, le Conseil a \u00e9mis des recommandations, dans le volet \u00abpolitiques publiques, programmes et pratiques\u00bb, notamment en termes d\u2019engagement du gouvernement \u00e0 mettre \u00e0 jour le Plan d\u2019Action National en mati\u00e8re de D\u00e9mocratie et des Droits de l\u2019Homme (PANDDH) en tenant compte des nouveaux d\u00e9fis en la mati\u00e8re, tels que le changement climatique, le digital et la bio-\u00e9thique. \u00c0 cet \u00e9gard, le Conseil a appel\u00e9 \u00e0 l\u2019adoption d\u2019une strat\u00e9gie nationale de la sant\u00e9 fond\u00e9e sur une approche bas\u00e9e sur les droits humains et la centralit\u00e9 du r\u00f4le de l\u2019\u00c9tat dans la protection du droit \u00e0 la sant\u00e9, notamment en termes d\u2019augmentation du budget allou\u00e9 au secteur, ainsi que le nombre de cadres exer\u00e7ants, \u00e0 m\u00eame d\u2019am\u00e9liorer leurs conditions de travail, la r\u00e9habilitation des infrastructures et la g\u00e9n\u00e9ralisation des centres de sant\u00e9 sur tout le territoire national, conform\u00e9ment aux recommandations du NMD et du programme gouvernemental concernant la g\u00e9n\u00e9ralisation de la protection sociale.<\/p>\n\n\n\n<p>Le CNDH a \u00e9galement recommand\u00e9 l\u2019am\u00e9lioration de la qualit\u00e9 de l\u2019enseignement public et la promotion de l\u2019\u00e9galit\u00e9 des chances entre les sexes et entre les zones rurales et urbaines. En outre, le Conseil a recommand\u00e9 de poursuivre les efforts visant \u00e0 officialiser la langue amazighe dans les \u00e9coles, les universit\u00e9s, les tribunaux et au sein des Administrations publiques, appelant le pouvoir judiciaire \u00e0 faire preuve de diligence pour consolider l\u2019application des normes internationales des droits de l\u2019homme ratifi\u00e9es par le Maroc et mettre en \u0153uvre le principe de la supr\u00e9matie de ces normes sur les lois nationales, conform\u00e9ment au pr\u00e9ambule de la Constitution.<\/p>\n\n\n\n<p>S\u2019agissant du volet institutionnel, le CNDH a appel\u00e9 \u00e0 l\u2019activation de quatre institutions constitutionnelles, \u00e0 savoir l\u2019Instance charg\u00e9e de la parit\u00e9 et de la lutte contre toutes les formes de discrimination, le Conseil consultatif de la famille et de l\u2019enfance, le Conseil consultatif de la jeunesse et de l\u2019action associative et le Conseil national des langues et de la culture marocaine.<\/p>\n\n\n\n<p>Sur le volet juridique, le CNDH a notamment recommand\u00e9 l\u2019abolition de la peine de mort, ainsi que l\u2019acc\u00e9l\u00e9ration de l\u2019adoption du projet de loi visant \u00e0 modifier et compl\u00e9ter l\u2019ensemble du droit p\u00e9nal, conform\u00e9ment aux recommandations du Conseil contenues dans son m\u00e9morandum publi\u00e9 en 2019 qui recommande sa mise en conformit\u00e9 avec les exigences constitutionnelles et les normes internationales en mati\u00e8re de droits de l\u2019homme, tout en tenant compte des nouveaux d\u00e9fis pos\u00e9s par l\u2019espace num\u00e9rique, tels que le discours de haine et la discrimination, la violence num\u00e9rique, les fake news et l\u2019intelligence artificielle.<\/p>\n\n\n\n<p>Dans le domaine de la pratique conventionnelle et de l\u2019interaction avec le syst\u00e8me international des droits de l\u2019homme, le CNDH a appel\u00e9 \u00e0 acc\u00e9l\u00e9rer l\u2019ach\u00e8vement de la proc\u00e9dure de ratification du protocole facultatif de la convention relative aux droits de l\u2019enfant, \u00e9tablissant une proc\u00e9dure de pr\u00e9sentation de communications, outre l\u2019adh\u00e9sion \u00e0 un ensemble d\u2019instruments internationaux et r\u00e9gionaux, y compris le deuxi\u00e8me protocole facultatif se rapportant au pacte international relatif aux droits civils et politiques, visant \u00e0 abolir la peine de mort, le protocole facultatif se rapportant au pacte international relatif aux droits \u00e9conomiques, sociaux et culturels et la Convention \u00ab87\u00bb de l\u2019OIT (Organisation Internationale du Travail) relative \u00e0 la libert\u00e9 d\u2019association et la protection du droit syndical.<\/p>\n\n\n\n<p><strong>C. A.<\/strong><\/p>\n","protected":false},"excerpt":{"rendered":"<p>Dans son rapport au titre de l\u2019ann\u00e9e 2021, r\u00e9cemment publi\u00e9, le Conseil National des Droits de l\u2019Homme (CNDH), pr\u00e9sid\u00e9 par Amina Bouayach (photo), a plaid\u00e9 pour l\u2019adoption d\u2019une approche bas\u00e9e sur les droits humains dans la mise en \u0153uvre du nouveau Mod\u00e8le de d\u00e9veloppement (NMD), en tenant compte des objectifs de d\u00e9veloppement durable et des &hellip;<\/p>\n","protected":false},"author":2,"featured_media":14849,"comment_status":"open","ping_status":"closed","sticky":false,"template":"","format":"standard","meta":{"footnotes":""},"categories":[624],"tags":[],"class_list":["post-14848","post","type-post","status-publish","format-standard","has-post-thumbnail","hentry","category-droits-humains"],"_links":{"self":[{"href":"https:\/\/letempsmag.ma\/index.php?rest_route=\/wp\/v2\/posts\/14848","targetHints":{"allow":["GET"]}}],"collection":[{"href":"https:\/\/letempsmag.ma\/index.php?rest_route=\/wp\/v2\/posts"}],"about":[{"href":"https:\/\/letempsmag.ma\/index.php?rest_route=\/wp\/v2\/types\/post"}],"author":[{"embeddable":true,"href":"https:\/\/letempsmag.ma\/index.php?rest_route=\/wp\/v2\/users\/2"}],"replies":[{"embeddable":true,"href":"https:\/\/letempsmag.ma\/index.php?rest_route=%2Fwp%2Fv2%2Fcomments&post=14848"}],"version-history":[{"count":1,"href":"https:\/\/letempsmag.ma\/index.php?rest_route=\/wp\/v2\/posts\/14848\/revisions"}],"predecessor-version":[{"id":14850,"href":"https:\/\/letempsmag.ma\/index.php?rest_route=\/wp\/v2\/posts\/14848\/revisions\/14850"}],"wp:featuredmedia":[{"embeddable":true,"href":"https:\/\/letempsmag.ma\/index.php?rest_route=\/wp\/v2\/media\/14849"}],"wp:attachment":[{"href":"https:\/\/letempsmag.ma\/index.php?rest_route=%2Fwp%2Fv2%2Fmedia&parent=14848"}],"wp:term":[{"taxonomy":"category","embeddable":true,"href":"https:\/\/letempsmag.ma\/index.php?rest_route=%2Fwp%2Fv2%2Fcategories&post=14848"},{"taxonomy":"post_tag","embeddable":true,"href":"https:\/\/letempsmag.ma\/index.php?rest_route=%2Fwp%2Fv2%2Ftags&post=14848"}],"curies":[{"name":"wp","href":"https:\/\/api.w.org\/{rel}","templated":true}]}}