{"id":1454,"date":"2021-03-19T09:29:44","date_gmt":"2021-03-19T09:29:44","guid":{"rendered":"https:\/\/letempsmag.ma\/?p=1454"},"modified":"2021-03-19T09:29:45","modified_gmt":"2021-03-19T09:29:45","slug":"le-film-de-letat-durgence-sanitaire-au-maroc","status":"publish","type":"post","link":"https:\/\/letempsmag.ma\/?p=1454","title":{"rendered":"Le \u00abfilm\u00bb de l\u2019\u00e9tat d&#8217;urgence sanitaire au Maroc"},"content":{"rendered":"\n<p><strong><em>Dans une int\u00e9ressante r\u00e9trospective, l\u2019agence MAP a publi\u00e9 mercredi dernier le \u00abfilm\u00bb de l&#8217;\u00e9tat d\u2019urgence sanitaire au Maroc tel qu\u2019il s\u2019est d\u00e9roul\u00e9 depuis le mois de mars 2020. Un r\u00e9cit vivant qui montre, avec du recul, comment le Royaume a g\u00e9r\u00e9 la crise \u00abCovid-19\u00bb sous la conduite visionnaire de S.M. le Roi Mohammed VI.<\/em><\/strong><\/p>\n\n\n\n<p><strong><em>&gt;&gt;<\/em><\/strong><strong><em> <\/em><\/strong><strong><em>&nbsp;27 janvier 2020&nbsp;:<\/em><\/strong><\/p>\n\n\n\n<p>S.M. le Roi Mohammed VI donne ses hautes instructions pour le rapatriement des Marocains r\u00e9sidant \u00e0 Wuhan, en Chine.<\/p>\n\n\n\n<p><strong><em>&gt;&gt;<\/em><\/strong><strong><em> <\/em><\/strong><strong><em>&nbsp;2 mars 2020&nbsp;:<\/em><\/strong><\/p>\n\n\n\n<p>Le Maroc enregistre son premier cas de coronavirus.<\/p>\n\n\n\n<p><strong><em>&gt;&gt;<\/em><\/strong><strong><em> <\/em><\/strong><strong><em>&nbsp;11 mars 2020&nbsp;:<\/em><\/strong><\/p>\n\n\n\n<p>Cr\u00e9ation du Comit\u00e9 de Veille \u00c9conomique pour suivre les r\u00e9percussions de la pand\u00e9mie du \u00abCovid-19\u00bb.<\/p>\n\n\n\n<p><strong><em>&gt;&gt;<\/em><\/strong><strong><em> <\/em><\/strong><strong><em>&nbsp;13 mars 2020&nbsp;:<\/em><\/strong><\/p>\n\n\n\n<p>Le minist\u00e8re de l\u2019\u00c9ducation nationale, de la Formation professionnelle, de l&#8217;Enseignement sup\u00e9rieur et de la Recherche scientifique annonce la suspension des cours en pr\u00e9sentiel au Maroc \u00e0 partir du 16 mars jusqu&#8217;\u00e0 nouvel ordre.<\/p>\n\n\n\n<p><strong><em>&gt;&gt;<\/em><\/strong><strong><em> <\/em><\/strong><strong><em>&nbsp;15 mars 2020&nbsp;:<\/em><\/strong><\/p>\n\n\n\n<p>Le Souverain donne ses hautes instructions pour la cr\u00e9ation imm\u00e9diate d\u2019un fonds sp\u00e9cial d\u00e9di\u00e9 \u00e0 la gestion de la pand\u00e9mie du coronavirus dont les recettes ont d\u00e9pass\u00e9es 33 milliards de DH. Le Maroc d\u00e9cide de suspendre, jusqu&#8217;\u00e0 nouvel ordre, tous les vols internationaux de passagers en provenance et \u00e0 destination de son territoire.<\/p>\n\n\n\n<p><strong><em>&gt;&gt;<\/em><\/strong><strong><em> <\/em><\/strong><strong><em>&nbsp;16 mars 2020&nbsp;:<\/em><\/strong><\/p>\n\n\n\n<p>Le minist\u00e8re de l\u2019\u00c9ducation nationale, de la Formation professionnelle, de l&#8217;Enseignement sup\u00e9rieur et de la Recherche scientifique lance l&#8217;op\u00e9ration de l\u2019enseignement \u00e0 distance via le portail \u00e9lectronique \u00abTelmidTice\u00bb et sur la cha\u00eene de t\u00e9l\u00e9vision \u00abAthaqafia\u00bb.<\/p>\n\n\n\n<p><strong><em>&gt;&gt;<\/em><\/strong><strong><em> <\/em><\/strong><strong><em>&nbsp;20 mars 2020&nbsp;:<\/em><\/strong><\/p>\n\n\n\n<p>Le Maroc d\u00e9clare l&#8217;\u00e9tat d\u2019urgence sanitaire \u00e0 partir de 18h et une restriction de la circulation. Prolongation de l&#8217;\u00e9tat d&#8217;urgence sanitaire \u00e0 maintes reprises (la plus r\u00e9cente prolongation est celle du 4 mars 2021 au 10 avril 2021)<\/p>\n\n\n\n<p><strong><em>&gt;&gt;<\/em><\/strong><strong><em> <\/em><\/strong><strong><em>&nbsp;21 mars 2020&nbsp;:<\/em><\/strong><\/p>\n\n\n\n<p>Interdiction d&#8217;utiliser les moyens de transport priv\u00e9s et publics entre les villes. La compagnie Royal Air Maroc suspend ses vols au niveau national.<\/p>\n\n\n\n<p><strong><em>&gt;&gt;<\/em><\/strong><strong><em> <\/em><\/strong><strong><em>&nbsp;22 mars 2020&nbsp;:<\/em><\/strong><\/p>\n\n\n\n<p>S.M. le Roi Mohammed VI, Chef supr\u00eame et Chef d\u2019\u00c9tat-Major G\u00e9n\u00e9ral des Forces Arm\u00e9es Royales, donne ses hautes instructions au G\u00e9n\u00e9ral de Corps d\u2019Arm\u00e9es et Inspecteur G\u00e9n\u00e9ral des FAR, Abdelfettah Louarrak, au G\u00e9n\u00e9ral de Corps d\u2019Arm\u00e9es et Commandant de la Gendarmerie Royale, Mohamed Haramou, ainsi qu\u2019au G\u00e9n\u00e9ral de Brigade et Inspecteur du Service de Sant\u00e9 Militaire des FAR, Mohamed Elabbar, pour que la M\u00e9decine Militaire prenne part conjointement avec son homologue civile \u00e0 la d\u00e9licate mission de lutte contre la pand\u00e9mie du \u00abCovid-19\u00bb.<\/p>\n\n\n\n<p><strong><em>&gt;&gt;<\/em><\/strong><strong><em> <\/em><\/strong><strong><em>&nbsp;26 mars 2020&nbsp;:<\/em><\/strong><\/p>\n\n\n\n<p>Octroi d&#8217;une indemnit\u00e9 forfaitaire de 2.000 DH au profit des salari\u00e9s d\u00e9clar\u00e9s \u00e0 la Caisse Nationale de S\u00e9curit\u00e9 Sociale (CNSS) en arr\u00eat provisoire de travail.<\/p>\n\n\n\n<p><strong><em>&gt;&gt;<\/em><\/strong><strong><em> <\/em><\/strong><strong><em>&nbsp;5 avril 2020&nbsp;:<\/em><\/strong><\/p>\n\n\n\n<p>Le Souverain accorde sa gr\u00e2ce Royale au profit de 5.654 d\u00e9tenus et ordonne de prendre toutes les mesures n\u00e9cessaires pour renforcer la protection des d\u00e9tenus au sein des \u00e9tablissements p\u00e9nitentiaires, particuli\u00e8rement contre la propagation de l&#8217;\u00e9pid\u00e9mie du coronavirus.<\/p>\n\n\n\n<p><strong><em>&gt;&gt;<\/em><\/strong><strong><em> <\/em><\/strong><strong><em>&nbsp;7 avril 2020&nbsp;:<\/em><\/strong><\/p>\n\n\n\n<p>Le port du masque de protection devient obligatoire dans le cadre des efforts d\u00e9ploy\u00e9s pour lutter contre la propagation de l&#8217;\u00e9pid\u00e9mie.<\/p>\n\n\n\n<p><strong><em>&gt;&gt;<\/em><\/strong><strong><em> <\/em><\/strong><strong><em>&nbsp;13 avril 2020&nbsp;:<\/em><\/strong><\/p>\n\n\n\n<p>Le Souverain propose le lancement d&#8217;une initiative de Chefs d\u2019\u00c9tat africains visant \u00e0 \u00e9tablir un cadre op\u00e9rationnel afin d\u2019accompagner les pays africains dans leurs diff\u00e9rentes phases de gestion de la pand\u00e9mie.<\/p>\n\n\n\n<p><strong><em>&gt;&gt;<\/em><\/strong><strong><em> <\/em><\/strong><strong><em>&nbsp;23 avril 2020&nbsp;:<\/em><\/strong><\/p>\n\n\n\n<p>&#8211; Interdiction de d\u00e9placement nocturne \u00e0 compter du 1<sup>er<\/sup> Ramadan, entre 19h \u00e0 5h.<\/p>\n\n\n\n<p><strong><em>&gt;&gt;<\/em><\/strong><strong><em> <\/em><\/strong><strong><em>&nbsp;14 mai 2020&nbsp;:<\/em><\/strong><\/p>\n\n\n\n<p>Distribution de plus de 13 millions de masques de protection contre le \u00abCovid-19\u00bb.<\/p>\n\n\n\n<p><strong><em>&gt;&gt;<\/em><\/strong><strong><em> <\/em><\/strong><strong><em>&nbsp;1<sup>er<\/sup> juin 2020&nbsp;:<\/em><\/strong><\/p>\n\n\n\n<p>Lancement de l&#8217;application mobile \u00abWiqaytna\u00bb de notification d&#8217;exposition au \u00abCovid-19\u00bb.<\/p>\n\n\n\n<p><strong><em>&gt;&gt;<\/em><\/strong><strong><em> <\/em><\/strong><strong><em>&nbsp;9 juin 2020&nbsp;:<\/em><\/strong><\/p>\n\n\n\n<p>Les autorit\u00e9s d\u00e9cident de mettre en \u0153uvre un plan d&#8217;assouplissement des mesures de confinement sanitaire selon la situation \u00e9pid\u00e9miologique de chaque pr\u00e9fecture ou province, de mani\u00e8re progressive et selon plusieurs \u00e9tapes, \u00e0 partir du 11 juin 2020.<\/p>\n\n\n\n<p><strong><em>&gt;&gt;<\/em><\/strong><strong><em> <\/em><\/strong><strong><em>&nbsp;14 juin 2020&nbsp;:<\/em><\/strong><\/p>\n\n\n\n<p>S.M. le Roi Mohammed VI donne ses hautes instructions pour l&#8217;acheminement d&#8217;aides m\u00e9dicales \u00e0 plusieurs pays africains fr\u00e8res.<\/p>\n\n\n\n<p><strong><em>&gt;&gt;<\/em><\/strong><strong><em> <\/em><\/strong><strong><em>&nbsp;9 novembre 2020&nbsp;:<\/em><\/strong><\/p>\n\n\n\n<p>Le Souverain pr\u00e9side une s\u00e9ance de travail consacr\u00e9e \u00e0 la strat\u00e9gie de vaccination contre le \u00abCovid-19\u00bb et ordonne le lancement d\u2019une op\u00e9ration massive de vaccination.<\/p>\n\n\n\n<p><strong><em>&gt;&gt;<\/em><\/strong><strong><em> <\/em><\/strong><strong><em>&nbsp;8 d\u00e9cembre 2020&nbsp;:<\/em><\/strong><\/p>\n\n\n\n<p>S.M. le Roi Mohammed VI donne ses hautes instructions au gouvernement pour l\u2019adoption de la gratuit\u00e9 du vaccin contre l\u2019\u00e9pid\u00e9mie du \u00abCovid-19\u00bb au profit de tous les Marocains.<\/p>\n\n\n\n<p><strong><em>&gt;&gt;<\/em><\/strong><strong><em> <\/em><\/strong><strong><em>&nbsp;23 d\u00e9cembre 2020&nbsp;:<\/em><\/strong><\/p>\n\n\n\n<p>Le gouvernement d\u00e9cide la prise de mesures de pr\u00e9caution \u00e0 partir du 23 d\u00e9cembre&nbsp;: fermeture des restaurants, caf\u00e9s, commerces et grandes surfaces \u00e0 20h, couvre-feu nocturne de 21h \u00e0 6h \u00e0 l&#8217;\u00e9chelle nationale (sauf cas exceptionnels), prorogation des mesures pr\u00e9ventives en vigueur, la plus r\u00e9cente datant du 15 mars courant pour une dur\u00e9e de deux semaines suppl\u00e9mentaires.<\/p>\n\n\n\n<p><strong><em>&gt;&gt;<\/em><\/strong><strong><em> <\/em><\/strong><strong><em>&nbsp;22 janvier 2021&nbsp;:<\/em><\/strong><\/p>\n\n\n\n<p>R\u00e9ception d\u2019une premi\u00e8re livraison du vaccin britannique \u00abAstrazeneca\u00bb, fabriqu\u00e9 en Inde et autoris\u00e9 par le Maroc le 6 janvier.<\/p>\n\n\n\n<p><strong><em>&gt;&gt;<\/em><\/strong><strong><em> <\/em><\/strong><strong><em>&nbsp;27 janviers 2021&nbsp;:<\/em><\/strong><\/p>\n\n\n\n<p>Le Maroc re\u00e7oit la premi\u00e8re livraison du vaccin chinois \u00abSinopharm\u00bb.<\/p>\n\n\n\n<p><strong><em>&gt;&gt;<\/em><\/strong><strong><em> <\/em><\/strong><strong><em>&nbsp;28 janvier 2021&nbsp;:<\/em><\/strong><\/p>\n\n\n\n<p>Le Souverain lance la campagne nationale de vaccination contre le \u00abCovid-19\u00bb et re\u00e7oit la premi\u00e8re dose du vaccin.<\/p>\n\n\n\n<p><strong><em>&gt;&gt;<\/em><\/strong><strong><em> <\/em><\/strong><strong><em>&nbsp;19 f\u00e9vrier 2021&nbsp;:<\/em><\/strong><\/p>\n\n\n\n<p>Administration de la 2<sup>\u00e8me<\/sup> dose du vaccin contre le \u00abCovid-19\u00bb.<\/p>\n","protected":false},"excerpt":{"rendered":"<p>Dans une int\u00e9ressante r\u00e9trospective, l\u2019agence MAP a publi\u00e9 mercredi dernier le \u00abfilm\u00bb de l&#8217;\u00e9tat d\u2019urgence sanitaire au Maroc tel qu\u2019il s\u2019est d\u00e9roul\u00e9 depuis le mois de mars 2020. Un r\u00e9cit vivant qui montre, avec du recul, comment le Royaume a g\u00e9r\u00e9 la crise \u00abCovid-19\u00bb sous la conduite visionnaire de S.M. le Roi Mohammed VI. &gt;&gt; &hellip;<\/p>\n","protected":false},"author":9,"featured_media":1455,"comment_status":"open","ping_status":"closed","sticky":false,"template":"","format":"standard","meta":{"footnotes":""},"categories":[26],"tags":[],"class_list":["post-1454","post","type-post","status-publish","format-standard","has-post-thumbnail","hentry","category-sante"],"_links":{"self":[{"href":"https:\/\/letempsmag.ma\/index.php?rest_route=\/wp\/v2\/posts\/1454","targetHints":{"allow":["GET"]}}],"collection":[{"href":"https:\/\/letempsmag.ma\/index.php?rest_route=\/wp\/v2\/posts"}],"about":[{"href":"https:\/\/letempsmag.ma\/index.php?rest_route=\/wp\/v2\/types\/post"}],"author":[{"embeddable":true,"href":"https:\/\/letempsmag.ma\/index.php?rest_route=\/wp\/v2\/users\/9"}],"replies":[{"embeddable":true,"href":"https:\/\/letempsmag.ma\/index.php?rest_route=%2Fwp%2Fv2%2Fcomments&post=1454"}],"version-history":[{"count":1,"href":"https:\/\/letempsmag.ma\/index.php?rest_route=\/wp\/v2\/posts\/1454\/revisions"}],"predecessor-version":[{"id":1456,"href":"https:\/\/letempsmag.ma\/index.php?rest_route=\/wp\/v2\/posts\/1454\/revisions\/1456"}],"wp:featuredmedia":[{"embeddable":true,"href":"https:\/\/letempsmag.ma\/index.php?rest_route=\/wp\/v2\/media\/1455"}],"wp:attachment":[{"href":"https:\/\/letempsmag.ma\/index.php?rest_route=%2Fwp%2Fv2%2Fmedia&parent=1454"}],"wp:term":[{"taxonomy":"category","embeddable":true,"href":"https:\/\/letempsmag.ma\/index.php?rest_route=%2Fwp%2Fv2%2Fcategories&post=1454"},{"taxonomy":"post_tag","embeddable":true,"href":"https:\/\/letempsmag.ma\/index.php?rest_route=%2Fwp%2Fv2%2Ftags&post=1454"}],"curies":[{"name":"wp","href":"https:\/\/api.w.org\/{rel}","templated":true}]}}