{"id":14530,"date":"2022-05-03T10:28:23","date_gmt":"2022-05-03T09:28:23","guid":{"rendered":"https:\/\/letempsmag.ma\/?p=14530"},"modified":"2022-05-03T10:28:25","modified_gmt":"2022-05-03T09:28:25","slug":"demantelement-dun-reseau-criminel-implique-dans-le-trafic-de-drogue-et-lusage-darmes-a-feu","status":"publish","type":"post","link":"https:\/\/letempsmag.ma\/?p=14530","title":{"rendered":"D\u00e9mant\u00e8lement d\u2019un r\u00e9seau criminel impliqu\u00e9 dans le trafic de drogue et l\u2019usage d\u2019armes \u00e0 feu"},"content":{"rendered":"\n<p>En \u00e9troite coordination avec les Brigades de la Police Judiciaire d\u2019Al Hoceima et d\u2019Imzouren et les services de la Direction G\u00e9n\u00e9rale de la Surveillance du Territoire (DGST), les \u00e9l\u00e9ments de la Brigade Nationale de la Police Judiciaire (BNPJ) ont interpell\u00e9, entre le 22 et le 27 avril dernier, neuf personnes \u00e2g\u00e9es de 16 \u00e0 45 ans, dont quatre fr\u00e8res et deux mineurs, pour liens pr\u00e9sum\u00e9s avec des r\u00e9seaux criminels impliqu\u00e9s dans la possession et le trafic de drogues, ainsi que dans l\u2019usage d\u2019armes \u00e0 feu.<\/p>\n\n\n\n<p>Les suspects ont \u00e9t\u00e9 appr\u00e9hend\u00e9s lors d\u2019op\u00e9rations s\u00e9curitaires s\u00e9par\u00e9es dans diff\u00e9rentes zones rurales \u00e0 la p\u00e9riph\u00e9rie d\u2019Al Hoceima, dans le cadre d\u2019investigations approfondies lanc\u00e9es par la BNPJ. Ces recherches ont \u00e9t\u00e9 men\u00e9es suite \u00e0 un \u00e9change de tir par fusil de chasse, constat\u00e9 le 15 avril dernier par les services de s\u00e9curit\u00e9 d\u2019Imzouren, entre des individus entretenant des liens pr\u00e9sum\u00e9s avec des r\u00e9seaux internationaux de trafic de drogue, a indiqu\u00e9 jeudi dernier un communiqu\u00e9 de la Direction G\u00e9n\u00e9rale de la S\u00fbret\u00e9 Nationale (DGSN).<\/p>\n\n\n\n<p>Les recherches et enqu\u00eates diligent\u00e9es ont r\u00e9v\u00e9l\u00e9 que deux des pr\u00e9venus arr\u00eat\u00e9s sont directement impliqu\u00e9s dans cet incident motiv\u00e9 par des r\u00e8glements de comptes entre gangs de drogues, pr\u00e9cise la m\u00eame source, ajoutant qu\u2019ils seraient \u00e9galement impliqu\u00e9s dans un incident similaire signal\u00e9 dans la ville d\u2019Imzouren, en f\u00e9vrier dernier, tandis que les autres individus arr\u00eat\u00e9s sont soup\u00e7onn\u00e9s de participation \u00e0 des actes criminels et de r\u00e9sistance aux op\u00e9rations d\u2019arrestation men\u00e9es par la Police judiciaire.<\/p>\n\n\n\n<p>Les perquisitions effectu\u00e9es dans le cadre de cette affaire ont permis de saisir deux fusils de chasse et des dizaines de cartouches de diff\u00e9rents calibres, qui auraient \u00e9t\u00e9 utilis\u00e9es dans les \u00e9changes de tirs en question, outre des armes blanches et deux voitures, l\u2019une vol\u00e9e et l\u2019autre aux plaques min\u00e9ralogiques falsifi\u00e9es et sans num\u00e9ro de ch\u00e2ssis.<\/p>\n\n\n\n<p>Les mis en cause ont \u00e9t\u00e9 soumis \u00e0 des enqu\u00eates judiciaires sous la supervision du Parquet comp\u00e9tent avant d\u2019\u00eatre pr\u00e9sent\u00e9s devant la Justice, \u00e0 l\u2019issue de la garde \u00e0 vue, tandis que les recherches de terrain se poursuivent, appuy\u00e9es par les expertises techniques, \u00e0 l\u2019effet de d\u00e9terminer toutes les circonstances entourant ces actes criminels et confondre le reste des suspects, conclut le communiqu\u00e9.<\/p>\n\n\n\n<p><strong>C. A.<\/strong><\/p>\n","protected":false},"excerpt":{"rendered":"<p>En \u00e9troite coordination avec les Brigades de la Police Judiciaire d\u2019Al Hoceima et d\u2019Imzouren et les services de la Direction G\u00e9n\u00e9rale de la Surveillance du Territoire (DGST), les \u00e9l\u00e9ments de la Brigade Nationale de la Police Judiciaire (BNPJ) ont interpell\u00e9, entre le 22 et le 27 avril dernier, neuf personnes \u00e2g\u00e9es de 16 \u00e0 45 &hellip;<\/p>\n","protected":false},"author":2,"featured_media":14531,"comment_status":"open","ping_status":"closed","sticky":false,"template":"","format":"standard","meta":{"footnotes":""},"categories":[105],"tags":[],"class_list":["post-14530","post","type-post","status-publish","format-standard","has-post-thumbnail","hentry","category-justice"],"_links":{"self":[{"href":"https:\/\/letempsmag.ma\/index.php?rest_route=\/wp\/v2\/posts\/14530","targetHints":{"allow":["GET"]}}],"collection":[{"href":"https:\/\/letempsmag.ma\/index.php?rest_route=\/wp\/v2\/posts"}],"about":[{"href":"https:\/\/letempsmag.ma\/index.php?rest_route=\/wp\/v2\/types\/post"}],"author":[{"embeddable":true,"href":"https:\/\/letempsmag.ma\/index.php?rest_route=\/wp\/v2\/users\/2"}],"replies":[{"embeddable":true,"href":"https:\/\/letempsmag.ma\/index.php?rest_route=%2Fwp%2Fv2%2Fcomments&post=14530"}],"version-history":[{"count":1,"href":"https:\/\/letempsmag.ma\/index.php?rest_route=\/wp\/v2\/posts\/14530\/revisions"}],"predecessor-version":[{"id":14532,"href":"https:\/\/letempsmag.ma\/index.php?rest_route=\/wp\/v2\/posts\/14530\/revisions\/14532"}],"wp:featuredmedia":[{"embeddable":true,"href":"https:\/\/letempsmag.ma\/index.php?rest_route=\/wp\/v2\/media\/14531"}],"wp:attachment":[{"href":"https:\/\/letempsmag.ma\/index.php?rest_route=%2Fwp%2Fv2%2Fmedia&parent=14530"}],"wp:term":[{"taxonomy":"category","embeddable":true,"href":"https:\/\/letempsmag.ma\/index.php?rest_route=%2Fwp%2Fv2%2Fcategories&post=14530"},{"taxonomy":"post_tag","embeddable":true,"href":"https:\/\/letempsmag.ma\/index.php?rest_route=%2Fwp%2Fv2%2Ftags&post=14530"}],"curies":[{"name":"wp","href":"https:\/\/api.w.org\/{rel}","templated":true}]}}