{"id":14458,"date":"2022-04-29T10:57:51","date_gmt":"2022-04-29T09:57:51","guid":{"rendered":"https:\/\/letempsmag.ma\/?p=14458"},"modified":"2022-04-29T10:57:52","modified_gmt":"2022-04-29T09:57:52","slug":"40-nouveaux-cas-au-maroc-en-24-heures-et-1-164-865-cas-cumules","status":"publish","type":"post","link":"https:\/\/letempsmag.ma\/?p=14458","title":{"rendered":"40 nouveaux cas au Maroc en 24 heures et 1.164.865 cas cumul\u00e9s"},"content":{"rendered":"\n<p>Le Centre national des op\u00e9rations d&#8217;urgence de sant\u00e9 publique au minist\u00e8re de la Sant\u00e9 a annonc\u00e9, hier jeudi \u00e0 16h, 40 nouveaux cas de \u00abCovid-19\u00bb, enregistr\u00e9s \u00e0 travers le Maroc, ce qui porte le bilan national cumul\u00e9 \u00e0 1.164.865 cas confirm\u00e9s depuis la premi\u00e8re infection enregistr\u00e9e le 2 mars 2020.<\/p>\n\n\n\n<p>Le minist\u00e8re signale par ailleurs que le nombre de personnes totalement r\u00e9tablies s\u2019\u00e9l\u00e8ve \u00e0 1.148.406, tandis que le nombre de d\u00e9c\u00e8s atteint 16.069.<\/p>\n\n\n\n<p>Les nouveaux cas ont \u00e9t\u00e9 recens\u00e9s dans les r\u00e9gions de Casablanca-Settat (17), Rabat-Sal\u00e9-K\u00e9nitra (6), Marrakech-Safi (5), Tanger-T\u00e9touan-Al Hoceima (3), Dra\u00e2-Tafilalet (3), Souss-Massa (2), Mekn\u00e8s-F\u00e8s (2), l&#8217;Oriental (1) et B\u00e9ni Mellal-Kh\u00e9nifra (1).<\/p>\n\n\n\n<p>Dans son bulletin quotidien sur la situation \u00e9pid\u00e9miologique, le minist\u00e8re a en outre pr\u00e9cis\u00e9 que le nombre de primo-vaccin\u00e9s a atteint 24.805.614, celui des personnes ayant re\u00e7u deux doses s&#8217;\u00e9l\u00e8ve \u00e0 23.284.216, alors que 6.251.283 personnes ont eu trois injections du vaccin.<\/p>\n\n\n\n<p><strong>M. E.<\/strong><\/p>\n","protected":false},"excerpt":{"rendered":"<p>Le Centre national des op\u00e9rations d&#8217;urgence de sant\u00e9 publique au minist\u00e8re de la Sant\u00e9 a annonc\u00e9, hier jeudi \u00e0 16h, 40 nouveaux cas de \u00abCovid-19\u00bb, enregistr\u00e9s \u00e0 travers le Maroc, ce qui porte le bilan national cumul\u00e9 \u00e0 1.164.865 cas confirm\u00e9s depuis la premi\u00e8re infection enregistr\u00e9e le 2 mars 2020. Le minist\u00e8re signale par ailleurs &hellip;<\/p>\n","protected":false},"author":2,"featured_media":14459,"comment_status":"open","ping_status":"closed","sticky":false,"template":"","format":"standard","meta":{"footnotes":""},"categories":[168],"tags":[],"class_list":["post-14458","post","type-post","status-publish","format-standard","has-post-thumbnail","hentry","category-pandemie-2"],"_links":{"self":[{"href":"https:\/\/letempsmag.ma\/index.php?rest_route=\/wp\/v2\/posts\/14458","targetHints":{"allow":["GET"]}}],"collection":[{"href":"https:\/\/letempsmag.ma\/index.php?rest_route=\/wp\/v2\/posts"}],"about":[{"href":"https:\/\/letempsmag.ma\/index.php?rest_route=\/wp\/v2\/types\/post"}],"author":[{"embeddable":true,"href":"https:\/\/letempsmag.ma\/index.php?rest_route=\/wp\/v2\/users\/2"}],"replies":[{"embeddable":true,"href":"https:\/\/letempsmag.ma\/index.php?rest_route=%2Fwp%2Fv2%2Fcomments&post=14458"}],"version-history":[{"count":1,"href":"https:\/\/letempsmag.ma\/index.php?rest_route=\/wp\/v2\/posts\/14458\/revisions"}],"predecessor-version":[{"id":14460,"href":"https:\/\/letempsmag.ma\/index.php?rest_route=\/wp\/v2\/posts\/14458\/revisions\/14460"}],"wp:featuredmedia":[{"embeddable":true,"href":"https:\/\/letempsmag.ma\/index.php?rest_route=\/wp\/v2\/media\/14459"}],"wp:attachment":[{"href":"https:\/\/letempsmag.ma\/index.php?rest_route=%2Fwp%2Fv2%2Fmedia&parent=14458"}],"wp:term":[{"taxonomy":"category","embeddable":true,"href":"https:\/\/letempsmag.ma\/index.php?rest_route=%2Fwp%2Fv2%2Fcategories&post=14458"},{"taxonomy":"post_tag","embeddable":true,"href":"https:\/\/letempsmag.ma\/index.php?rest_route=%2Fwp%2Fv2%2Ftags&post=14458"}],"curies":[{"name":"wp","href":"https:\/\/api.w.org\/{rel}","templated":true}]}}