{"id":14455,"date":"2022-04-29T10:57:17","date_gmt":"2022-04-29T09:57:17","guid":{"rendered":"https:\/\/letempsmag.ma\/?p=14455"},"modified":"2022-04-29T10:57:18","modified_gmt":"2022-04-29T09:57:18","slug":"amir-al-mouminine-a-commemore-laylat-al-qadr-dans-un-cadre-prive","status":"publish","type":"post","link":"https:\/\/letempsmag.ma\/?p=14455","title":{"rendered":"Amir Al-Mouminine a comm\u00e9mor\u00e9 Laylat Al-Qadr dans un cadre priv\u00e9"},"content":{"rendered":"\n<p>S.M. le Roi Mohammed VI, Amir Al-Mouminine, accompagn\u00e9 de S.A.R. le Prince H\u00e9ritier Moulay El Hassan et de S.A.R. le Prince Moulay Rachid, a comm\u00e9mor\u00e9 Laylat Al-Qadr b\u00e9nie hier, jeudi 26 Ramadan 1443 de l&#8217;H\u00e9gire, correspondant au 28 avril 2022.<\/p>\n\n\n\n<p>\u00c0 cette occasion, le Souverain a accompli les pri\u00e8res d\u2019Al-Icha et des Taraouih. Le Ministre des Habous et des Affaires islamiques a cl\u00f4tur\u00e9 \u00abSahih Al Boukhari\u00bb devant Amir Al-Mouminine.<\/p>\n\n\n\n<p>Eu \u00e9gard \u00e0 la poursuite de l\u2019application des mesures pr\u00e9ventives en vigueur, S.M. le Roi Mohammed VI a c\u00e9l\u00e9br\u00e9 cette nuit sacr\u00e9e dans un cadre priv\u00e9 et avec une assistance tr\u00e8s r\u00e9duite.<\/p>\n\n\n\n<p>La d\u00e9p\u00eache de la MAP, qui a relay\u00e9 l\u2019information, a conclu&nbsp;: \u00abPuisse Dieu pr\u00e9server Sa Majest\u00e9 le Roi, perp\u00e9tuer sur Lui les bienfaits de la sant\u00e9 et Lui accorder longue vie. Puisse-t-Il combler le Souverain en la personne de Son Altesse Royale le Prince H\u00e9ritier Moulay El Hassan, de Son Altesse Royale le Prince Moulay Rachid et de tous les membres de l\u2019illustre Famille Royale. Dieu L\u2019Audient, exauce les v\u0153ux de ceux qui L\u2019implorent\u00bb. (Photo&nbsp;: lematin.ma)<\/p>\n","protected":false},"excerpt":{"rendered":"<p>S.M. le Roi Mohammed VI, Amir Al-Mouminine, accompagn\u00e9 de S.A.R. le Prince H\u00e9ritier Moulay El Hassan et de S.A.R. le Prince Moulay Rachid, a comm\u00e9mor\u00e9 Laylat Al-Qadr b\u00e9nie hier, jeudi 26 Ramadan 1443 de l&#8217;H\u00e9gire, correspondant au 28 avril 2022. \u00c0 cette occasion, le Souverain a accompli les pri\u00e8res d\u2019Al-Icha et des Taraouih. Le Ministre &hellip;<\/p>\n","protected":false},"author":2,"featured_media":14456,"comment_status":"open","ping_status":"closed","sticky":false,"template":"","format":"standard","meta":{"footnotes":""},"categories":[696],"tags":[],"class_list":["post-14455","post","type-post","status-publish","format-standard","has-post-thumbnail","hentry","category-activite-royale"],"_links":{"self":[{"href":"https:\/\/letempsmag.ma\/index.php?rest_route=\/wp\/v2\/posts\/14455","targetHints":{"allow":["GET"]}}],"collection":[{"href":"https:\/\/letempsmag.ma\/index.php?rest_route=\/wp\/v2\/posts"}],"about":[{"href":"https:\/\/letempsmag.ma\/index.php?rest_route=\/wp\/v2\/types\/post"}],"author":[{"embeddable":true,"href":"https:\/\/letempsmag.ma\/index.php?rest_route=\/wp\/v2\/users\/2"}],"replies":[{"embeddable":true,"href":"https:\/\/letempsmag.ma\/index.php?rest_route=%2Fwp%2Fv2%2Fcomments&post=14455"}],"version-history":[{"count":1,"href":"https:\/\/letempsmag.ma\/index.php?rest_route=\/wp\/v2\/posts\/14455\/revisions"}],"predecessor-version":[{"id":14457,"href":"https:\/\/letempsmag.ma\/index.php?rest_route=\/wp\/v2\/posts\/14455\/revisions\/14457"}],"wp:featuredmedia":[{"embeddable":true,"href":"https:\/\/letempsmag.ma\/index.php?rest_route=\/wp\/v2\/media\/14456"}],"wp:attachment":[{"href":"https:\/\/letempsmag.ma\/index.php?rest_route=%2Fwp%2Fv2%2Fmedia&parent=14455"}],"wp:term":[{"taxonomy":"category","embeddable":true,"href":"https:\/\/letempsmag.ma\/index.php?rest_route=%2Fwp%2Fv2%2Fcategories&post=14455"},{"taxonomy":"post_tag","embeddable":true,"href":"https:\/\/letempsmag.ma\/index.php?rest_route=%2Fwp%2Fv2%2Ftags&post=14455"}],"curies":[{"name":"wp","href":"https:\/\/api.w.org\/{rel}","templated":true}]}}