{"id":14452,"date":"2022-04-29T10:56:37","date_gmt":"2022-04-29T09:56:37","guid":{"rendered":"https:\/\/letempsmag.ma\/?p=14452"},"modified":"2022-04-29T10:56:39","modified_gmt":"2022-04-29T09:56:39","slug":"letat-durgence-sanitaire-prolonge-jusquau-31-mai-prochain","status":"publish","type":"post","link":"https:\/\/letempsmag.ma\/?p=14452","title":{"rendered":"L&#8217;\u00e9tat d&#8217;urgence sanitaire prolong\u00e9 jusqu&#8217;au 31 mai prochain"},"content":{"rendered":"\n<p>Le Conseil de gouvernement, r\u00e9uni hier jeudi, a d\u00e9cid\u00e9 de prolonger la dur\u00e9e d&#8217;effet de l&#8217;\u00e9tat d&#8217;urgence sanitaire sur l&#8217;ensemble du territoire national jusqu&#8217;au 31 mai prochain, pour continuer \u00e0 assurer l&#8217;efficacit\u00e9 et l&#8217;efficience des mesures prises par les autorit\u00e9s publiques afin de lutter contre la propagation de la pand\u00e9mie du \u00abCovid-19\u00bb.<\/p>\n\n\n\n<p>Le Conseil de gouvernement a ainsi adopt\u00e9 un projet de d\u00e9cret (\u00ab2.22.311\u00bb) portant prolongation de la dur\u00e9e d\u2019effet de l&#8217;\u00e9tat d&#8217;urgence sanitaire sur l&#8217;ensemble du territoire national, pr\u00e9sent\u00e9 par le Ministre de l\u2019Int\u00e9rieur, Abdelouafi Laftit, a indiqu\u00e9 le Ministre d\u00e9l\u00e9gu\u00e9 charg\u00e9 des Relations avec le Parlement et Porte-parole du gouvernement, Mustapha Baitas, lors d&#8217;un point de presse tenu \u00e0 l&#8217;issue de ce Conseil.<\/p>\n\n\n\n<p>Le texte fixe la dur\u00e9e de prolongation de l\u2019\u00e9tat d\u2019urgence sanitaire du samedi 30 avril 2022 \u00e0 partir de 18h jusqu\u2019au mardi 31 mai 2022 \u00e0 18h, a pr\u00e9cis\u00e9 le Porte-parole du gouvernement. (Photo&nbsp;: FNH).<\/p>\n","protected":false},"excerpt":{"rendered":"<p>Le Conseil de gouvernement, r\u00e9uni hier jeudi, a d\u00e9cid\u00e9 de prolonger la dur\u00e9e d&#8217;effet de l&#8217;\u00e9tat d&#8217;urgence sanitaire sur l&#8217;ensemble du territoire national jusqu&#8217;au 31 mai prochain, pour continuer \u00e0 assurer l&#8217;efficacit\u00e9 et l&#8217;efficience des mesures prises par les autorit\u00e9s publiques afin de lutter contre la propagation de la pand\u00e9mie du \u00abCovid-19\u00bb. Le Conseil de &hellip;<\/p>\n","protected":false},"author":2,"featured_media":14453,"comment_status":"open","ping_status":"closed","sticky":false,"template":"","format":"standard","meta":{"footnotes":""},"categories":[377],"tags":[],"class_list":["post-14452","post","type-post","status-publish","format-standard","has-post-thumbnail","hentry","category-covid-19-2"],"_links":{"self":[{"href":"https:\/\/letempsmag.ma\/index.php?rest_route=\/wp\/v2\/posts\/14452","targetHints":{"allow":["GET"]}}],"collection":[{"href":"https:\/\/letempsmag.ma\/index.php?rest_route=\/wp\/v2\/posts"}],"about":[{"href":"https:\/\/letempsmag.ma\/index.php?rest_route=\/wp\/v2\/types\/post"}],"author":[{"embeddable":true,"href":"https:\/\/letempsmag.ma\/index.php?rest_route=\/wp\/v2\/users\/2"}],"replies":[{"embeddable":true,"href":"https:\/\/letempsmag.ma\/index.php?rest_route=%2Fwp%2Fv2%2Fcomments&post=14452"}],"version-history":[{"count":1,"href":"https:\/\/letempsmag.ma\/index.php?rest_route=\/wp\/v2\/posts\/14452\/revisions"}],"predecessor-version":[{"id":14454,"href":"https:\/\/letempsmag.ma\/index.php?rest_route=\/wp\/v2\/posts\/14452\/revisions\/14454"}],"wp:featuredmedia":[{"embeddable":true,"href":"https:\/\/letempsmag.ma\/index.php?rest_route=\/wp\/v2\/media\/14453"}],"wp:attachment":[{"href":"https:\/\/letempsmag.ma\/index.php?rest_route=%2Fwp%2Fv2%2Fmedia&parent=14452"}],"wp:term":[{"taxonomy":"category","embeddable":true,"href":"https:\/\/letempsmag.ma\/index.php?rest_route=%2Fwp%2Fv2%2Fcategories&post=14452"},{"taxonomy":"post_tag","embeddable":true,"href":"https:\/\/letempsmag.ma\/index.php?rest_route=%2Fwp%2Fv2%2Ftags&post=14452"}],"curies":[{"name":"wp","href":"https:\/\/api.w.org\/{rel}","templated":true}]}}