{"id":14449,"date":"2022-04-29T10:55:58","date_gmt":"2022-04-29T09:55:58","guid":{"rendered":"https:\/\/letempsmag.ma\/?p=14449"},"modified":"2022-04-29T10:55:59","modified_gmt":"2022-04-29T09:55:59","slug":"aid-al-fitr-ce-que-vous-conseille-la-societe-des-autoroutes-du-maroc","status":"publish","type":"post","link":"https:\/\/letempsmag.ma\/?p=14449","title":{"rendered":"A\u00efd Al Fitr\u00a0: ce que vous conseille la soci\u00e9t\u00e9 des Autoroutes du Maroc"},"content":{"rendered":"\n<p><a><\/a>\u00c0 l\u2019occasion de l\u2019A\u00efd Al Fitr, la soci\u00e9t\u00e9 nationale des Autoroutes du Maroc (ADM) pr\u00e9sente ses v\u0153ux aux usagers du r\u00e9seau autoroutier national et les informe que l\u2019ensemble de ce r\u00e9seau conna\u00eetra un trafic important&nbsp;:<\/p>\n\n\n\n<p>&#8211; Le vendredi 29 avril entre 15h et 22h.<\/p>\n\n\n\n<p>&#8211; Le mardi 3 mai, qui co\u00efncidera avec le retour des vacances de l\u2019A\u00efd Al Fitr, entre 16h et 22h.<\/p>\n\n\n\n<p>Pour un voyage s\u00e9curis\u00e9 et confortable, ADM recommande \u00e0 ses clients-usagers ce qui suit&nbsp;:<\/p>\n\n\n\n<p>&#8211; Organiser au pr\u00e9alable leur voyage et se renseigner en temps r\u00e9el sur l\u2019\u00e9tat du trafic en t\u00e9l\u00e9chargeant l\u2019application \u00abADM TRAFIC\u00bb.<\/p>\n\n\n\n<p>&#8211; V\u00e9rifier le solde restant sur le \u00abPass Jawaz\u00bb et proc\u00e9der \u00e0 sa recharge avant d\u2019emprunter l\u2019autoroute.<\/p>\n\n\n\n<p>&#8211; Prendre des pauses toutes les 2 heures et contr\u00f4ler l\u2019\u00e9tat des pneus.<\/p>\n\n\n\n<p>&#8211; Faire preuve de vigilance lors des passages par des zones connaissant une recrudescence du brouillard ou des pr\u00e9cipitations qui r\u00e9duisent la visibilit\u00e9 et alt\u00e8rent la perception des distances.<\/p>\n\n\n\n<p>&#8211; R\u00e9duire la vitesse, maintenir la distance de s\u00e9curit\u00e9, allumer les feux de croisement du v\u00e9hicule, si n\u00e9cessaire, m\u00eame en plein jour.<\/p>\n","protected":false},"excerpt":{"rendered":"<p>\u00c0 l\u2019occasion de l\u2019A\u00efd Al Fitr, la soci\u00e9t\u00e9 nationale des Autoroutes du Maroc (ADM) pr\u00e9sente ses v\u0153ux aux usagers du r\u00e9seau autoroutier national et les informe que l\u2019ensemble de ce r\u00e9seau conna\u00eetra un trafic important&nbsp;: &#8211; Le vendredi 29 avril entre 15h et 22h. &#8211; Le mardi 3 mai, qui co\u00efncidera avec le retour des &hellip;<\/p>\n","protected":false},"author":2,"featured_media":14450,"comment_status":"open","ping_status":"closed","sticky":false,"template":"","format":"standard","meta":{"footnotes":""},"categories":[575],"tags":[],"class_list":["post-14449","post","type-post","status-publish","format-standard","has-post-thumbnail","hentry","category-circulation"],"_links":{"self":[{"href":"https:\/\/letempsmag.ma\/index.php?rest_route=\/wp\/v2\/posts\/14449","targetHints":{"allow":["GET"]}}],"collection":[{"href":"https:\/\/letempsmag.ma\/index.php?rest_route=\/wp\/v2\/posts"}],"about":[{"href":"https:\/\/letempsmag.ma\/index.php?rest_route=\/wp\/v2\/types\/post"}],"author":[{"embeddable":true,"href":"https:\/\/letempsmag.ma\/index.php?rest_route=\/wp\/v2\/users\/2"}],"replies":[{"embeddable":true,"href":"https:\/\/letempsmag.ma\/index.php?rest_route=%2Fwp%2Fv2%2Fcomments&post=14449"}],"version-history":[{"count":1,"href":"https:\/\/letempsmag.ma\/index.php?rest_route=\/wp\/v2\/posts\/14449\/revisions"}],"predecessor-version":[{"id":14451,"href":"https:\/\/letempsmag.ma\/index.php?rest_route=\/wp\/v2\/posts\/14449\/revisions\/14451"}],"wp:featuredmedia":[{"embeddable":true,"href":"https:\/\/letempsmag.ma\/index.php?rest_route=\/wp\/v2\/media\/14450"}],"wp:attachment":[{"href":"https:\/\/letempsmag.ma\/index.php?rest_route=%2Fwp%2Fv2%2Fmedia&parent=14449"}],"wp:term":[{"taxonomy":"category","embeddable":true,"href":"https:\/\/letempsmag.ma\/index.php?rest_route=%2Fwp%2Fv2%2Fcategories&post=14449"},{"taxonomy":"post_tag","embeddable":true,"href":"https:\/\/letempsmag.ma\/index.php?rest_route=%2Fwp%2Fv2%2Ftags&post=14449"}],"curies":[{"name":"wp","href":"https:\/\/api.w.org\/{rel}","templated":true}]}}