{"id":14446,"date":"2022-04-29T10:55:25","date_gmt":"2022-04-29T09:55:25","guid":{"rendered":"https:\/\/letempsmag.ma\/?p=14446"},"modified":"2022-04-29T10:55:26","modified_gmt":"2022-04-29T09:55:26","slug":"musulmans-juifs-et-chretiens-reunis-autour-dun-ftour-pluriel-a-casablanca","status":"publish","type":"post","link":"https:\/\/letempsmag.ma\/?p=14446","title":{"rendered":"Musulmans, Juifs et Chr\u00e9tiens r\u00e9unis autour d\u2019un \u00abFtour Pluriel\u00bb \u00e0 Casablanca"},"content":{"rendered":"\n<p>Sous le signe de la tol\u00e9rance, de la paix et de la coexistence, le \u00abFtour Pluriel\u00bb est revenu en mode pr\u00e9sentiel pour sa 10<sup>\u00e8me<\/sup> \u00e9dition, apr\u00e8s deux ann\u00e9es en mode virtuel\u00bb en raison de la pand\u00e9mie. L\u2019\u00e9v\u00e9nement a r\u00e9uni mercredi dernier \u00e0 Casablanca des Musulmans, des Juifs et des Chr\u00e9tiens autour du repas de rupture du je\u00fbne. Une belle occasion de v\u00e9hiculer un message fort pour la fraternit\u00e9, l\u2019ouverture sur l\u2019autre et le vivre-ensemble, initi\u00e9e par l\u2019Association Salam Lekoulam, l\u2019Association Marocains Pluriels et le Stade Olympique Casablancais (SOC).<\/p>\n\n\n\n<p>Plus de 200 invit\u00e9s ont pris part \u00e0 cette soir\u00e9e ramadanienne qui a r\u00e9uni les repr\u00e9sentants des trois religions monoth\u00e9istes. Y prenaient part notamment Ch\u00e9rifa Lalla Chahnaz, \u00e9pouse du Prince Moulay Abdellah El Alaoui; Andr\u00e9 Azoulay, Conseiller de S.M. le Roi Mohammed VI; David Greene, Charg\u00e9 d&#8217;affaires de l&#8217;ambassade des \u00c9tats-Unis au Maroc; Ricardo Diez, Ambassadeur d&#8217;Espagne; et Rapha\u00ebl Martin de Lagarde, Charg\u00e9 d\u2019affaires de l\u2019ambassade de France.<\/p>\n\n\n\n<p>L\u2019Imam Omar El Mrini, le Rabbin Joseph Israel et le P\u00e8re Manuel Corullon, pr\u00e9sents autour d\u2019une m\u00eame table de Ftour, ont parfaitement illustr\u00e9 cette coexistence harmonieuse entre les religions monoth\u00e9istes qui a toujours pr\u00e9valu au Maroc. Ce faisant, ils ont transmis, en parfaite communion, un message de paix, d\u2019entente et de fraternit\u00e9.<\/p>\n\n\n\n<p>\u00c0 cette occasion, le Conseiller du Souverain, Andr\u00e9 Azoulay, a soulign\u00e9 que \u00able Ftour Pluriel qui nous r\u00e9unit f\u00eate ce soir son 10<sup>\u00e8me<\/sup> anniversaire, dans sa continuit\u00e9 et son exemplarit\u00e9. Ce message port\u00e9 par le leadership \u00e9clair\u00e9 et pionnier de S.M. le Roi Mohammed VI incarne le consensus national d\u2019une soci\u00e9t\u00e9 qui a d\u00e9sormais le talent de faire de la richesse historique de sa diversit\u00e9 le moteur de sa modernit\u00e9\u00bb.<\/p>\n\n\n\n<p>Le pr\u00e9sident de l&#8217;Association Marocains Pluriels, Ahmed Ghayat, accompagn\u00e9 de jeunes militants associatifs d\u2019Essaouira, a plant\u00e9 un \u00abArganier de la M\u00e9moire\u00bb dans le jardin du SOC, en t\u00e9moignage de la fraternit\u00e9 et de la coexistence pacifique entre Juifs, Chr\u00e9tiens et Musulmans au Maroc depuis toujours.<\/p>\n\n\n\n<p><strong>L. F.<\/strong><\/p>\n","protected":false},"excerpt":{"rendered":"<p>Sous le signe de la tol\u00e9rance, de la paix et de la coexistence, le \u00abFtour Pluriel\u00bb est revenu en mode pr\u00e9sentiel pour sa 10\u00e8me \u00e9dition, apr\u00e8s deux ann\u00e9es en mode virtuel\u00bb en raison de la pand\u00e9mie. L\u2019\u00e9v\u00e9nement a r\u00e9uni mercredi dernier \u00e0 Casablanca des Musulmans, des Juifs et des Chr\u00e9tiens autour du repas de rupture &hellip;<\/p>\n","protected":false},"author":2,"featured_media":14447,"comment_status":"open","ping_status":"closed","sticky":false,"template":"","format":"standard","meta":{"footnotes":""},"categories":[257],"tags":[],"class_list":["post-14446","post","type-post","status-publish","format-standard","has-post-thumbnail","hentry","category-culte"],"_links":{"self":[{"href":"https:\/\/letempsmag.ma\/index.php?rest_route=\/wp\/v2\/posts\/14446","targetHints":{"allow":["GET"]}}],"collection":[{"href":"https:\/\/letempsmag.ma\/index.php?rest_route=\/wp\/v2\/posts"}],"about":[{"href":"https:\/\/letempsmag.ma\/index.php?rest_route=\/wp\/v2\/types\/post"}],"author":[{"embeddable":true,"href":"https:\/\/letempsmag.ma\/index.php?rest_route=\/wp\/v2\/users\/2"}],"replies":[{"embeddable":true,"href":"https:\/\/letempsmag.ma\/index.php?rest_route=%2Fwp%2Fv2%2Fcomments&post=14446"}],"version-history":[{"count":1,"href":"https:\/\/letempsmag.ma\/index.php?rest_route=\/wp\/v2\/posts\/14446\/revisions"}],"predecessor-version":[{"id":14448,"href":"https:\/\/letempsmag.ma\/index.php?rest_route=\/wp\/v2\/posts\/14446\/revisions\/14448"}],"wp:featuredmedia":[{"embeddable":true,"href":"https:\/\/letempsmag.ma\/index.php?rest_route=\/wp\/v2\/media\/14447"}],"wp:attachment":[{"href":"https:\/\/letempsmag.ma\/index.php?rest_route=%2Fwp%2Fv2%2Fmedia&parent=14446"}],"wp:term":[{"taxonomy":"category","embeddable":true,"href":"https:\/\/letempsmag.ma\/index.php?rest_route=%2Fwp%2Fv2%2Fcategories&post=14446"},{"taxonomy":"post_tag","embeddable":true,"href":"https:\/\/letempsmag.ma\/index.php?rest_route=%2Fwp%2Fv2%2Ftags&post=14446"}],"curies":[{"name":"wp","href":"https:\/\/api.w.org\/{rel}","templated":true}]}}