{"id":14352,"date":"2022-04-25T09:53:31","date_gmt":"2022-04-25T08:53:31","guid":{"rendered":"https:\/\/letempsmag.ma\/?p=14352"},"modified":"2022-04-25T09:53:32","modified_gmt":"2022-04-25T08:53:32","slug":"la-federation-nationale-des-promoteurs-immobiliers-monte-au-creneau","status":"publish","type":"post","link":"https:\/\/letempsmag.ma\/?p=14352","title":{"rendered":"La F\u00e9d\u00e9ration Nationale des Promoteurs Immobiliers monte au cr\u00e9neau"},"content":{"rendered":"\n<p>La F\u00e9d\u00e9ration Nationale des Promoteurs Immobiliers (FNPI) a publi\u00e9 samedi dernier un communiqu\u00e9 d\u00e9plorant \u00abune situation in\u00e9dite\u00bb provoqu\u00e9e par la hausse des prix de presque la totalit\u00e9 des mat\u00e9riaux de construction, ce qui met en p\u00e9ril l\u2019int\u00e9r\u00eat des futurs acqu\u00e9reurs, la pr\u00e9servation de centaines de milliers d\u2019emplois et l\u2019\u00e9quilibre de toute la profession. La F\u00e9d\u00e9ration dit s\u2019attendre \u00e0 un ralentissement de l\u2019activit\u00e9 du secteur de plus de 50% apr\u00e8s les f\u00eates du Ramadan.<\/p>\n\n\n\n<p>La FNPI a d\u00e9cid\u00e9, dans ce contexte, de mener une s\u00e9rie d\u2019actions, sur plusieurs fronts. Sur le plan judiciaire et institutionnel, une r\u00e9union d\u2019urgence devrait \u00eatre tenue avec la minist\u00e8re de tutelle. Une dol\u00e9ance document\u00e9e sera \u00e9galement port\u00e9e au Conseil de la Concurrence ainsi qu\u2019une demande d\u2019enqu\u00eate qui sera introduite aupr\u00e8s du Conseil \u00c9conomique, Social et Environnemental et aupr\u00e8s du Haut Commissariat au Plan. Dans le cadre d\u2019\u00abune dimension administrative et d\u2019aide \u00e0 l\u2019acqu\u00e9reur\u00bb, le communiqu\u00e9 de la FNPI fait \u00e9tat d\u2019une demande de prolongation des conventions du logement social de deux ann\u00e9es, compte tenu de la difficult\u00e9 d\u2019approvisionnement et de la mont\u00e9e des prix. La F\u00e9d\u00e9ration a demand\u00e9 \u00e9galement l\u2019arr\u00eat de l\u2019application de la taxe sur les terrains non b\u00e2tis et la prorogation d\u2019un an du d\u00e9lai des autorisations de construire compte tenu du manque de visibilit\u00e9 des op\u00e9rateurs sur le secteur.<\/p>\n\n\n\n<p>Le groupement des promoteurs immobiliers r\u00e9clame par ailleurs la r\u00e9duction de 50% des frais d\u2019enregistrement et de conservation fonci\u00e8re au profit des clients et des acqu\u00e9reurs dont le pouvoir d\u2019achat a \u00e9t\u00e9 consid\u00e9rablement impact\u00e9, ces derni\u00e8res ann\u00e9es. Sur le plan de protection de la profession contre les ententes et les sp\u00e9culateurs, la FNPI affirme avoir engag\u00e9 un processus de cr\u00e9ation d\u2019une centrale d\u2019achat qui devrait permettre de mutualiser les approvisionnements des op\u00e9rateurs du secteur de la construction immobili\u00e8re \u00e0 des conditions d\u2019achat et de r\u00e8glement totalement optimis\u00e9s et transparents, tant aupr\u00e8s des fournisseurs marocains que des importations directes de l\u2019\u00e9tranger.<\/p>\n\n\n\n<p><strong>L. F.<\/strong><\/p>\n","protected":false},"excerpt":{"rendered":"<p>La F\u00e9d\u00e9ration Nationale des Promoteurs Immobiliers (FNPI) a publi\u00e9 samedi dernier un communiqu\u00e9 d\u00e9plorant \u00abune situation in\u00e9dite\u00bb provoqu\u00e9e par la hausse des prix de presque la totalit\u00e9 des mat\u00e9riaux de construction, ce qui met en p\u00e9ril l\u2019int\u00e9r\u00eat des futurs acqu\u00e9reurs, la pr\u00e9servation de centaines de milliers d\u2019emplois et l\u2019\u00e9quilibre de toute la profession. La F\u00e9d\u00e9ration &hellip;<\/p>\n","protected":false},"author":2,"featured_media":14353,"comment_status":"open","ping_status":"closed","sticky":false,"template":"","format":"standard","meta":{"footnotes":""},"categories":[574],"tags":[],"class_list":["post-14352","post","type-post","status-publish","format-standard","has-post-thumbnail","hentry","category-crise"],"_links":{"self":[{"href":"https:\/\/letempsmag.ma\/index.php?rest_route=\/wp\/v2\/posts\/14352","targetHints":{"allow":["GET"]}}],"collection":[{"href":"https:\/\/letempsmag.ma\/index.php?rest_route=\/wp\/v2\/posts"}],"about":[{"href":"https:\/\/letempsmag.ma\/index.php?rest_route=\/wp\/v2\/types\/post"}],"author":[{"embeddable":true,"href":"https:\/\/letempsmag.ma\/index.php?rest_route=\/wp\/v2\/users\/2"}],"replies":[{"embeddable":true,"href":"https:\/\/letempsmag.ma\/index.php?rest_route=%2Fwp%2Fv2%2Fcomments&post=14352"}],"version-history":[{"count":1,"href":"https:\/\/letempsmag.ma\/index.php?rest_route=\/wp\/v2\/posts\/14352\/revisions"}],"predecessor-version":[{"id":14354,"href":"https:\/\/letempsmag.ma\/index.php?rest_route=\/wp\/v2\/posts\/14352\/revisions\/14354"}],"wp:featuredmedia":[{"embeddable":true,"href":"https:\/\/letempsmag.ma\/index.php?rest_route=\/wp\/v2\/media\/14353"}],"wp:attachment":[{"href":"https:\/\/letempsmag.ma\/index.php?rest_route=%2Fwp%2Fv2%2Fmedia&parent=14352"}],"wp:term":[{"taxonomy":"category","embeddable":true,"href":"https:\/\/letempsmag.ma\/index.php?rest_route=%2Fwp%2Fv2%2Fcategories&post=14352"},{"taxonomy":"post_tag","embeddable":true,"href":"https:\/\/letempsmag.ma\/index.php?rest_route=%2Fwp%2Fv2%2Ftags&post=14352"}],"curies":[{"name":"wp","href":"https:\/\/api.w.org\/{rel}","templated":true}]}}