{"id":14267,"date":"2022-04-21T10:42:05","date_gmt":"2022-04-21T09:42:05","guid":{"rendered":"https:\/\/letempsmag.ma\/?p=14267"},"modified":"2022-04-21T10:42:06","modified_gmt":"2022-04-21T09:42:06","slug":"un-accord-sur-le-gaz-naturel-serait-acte-entre-le-maroc-et-lespagne","status":"publish","type":"post","link":"https:\/\/letempsmag.ma\/?p=14267","title":{"rendered":"Un accord sur le gaz naturel serait act\u00e9 entre le Maroc et l\u2019Espagne"},"content":{"rendered":"\n<p>Rabat et Madrid seraient parvenues \u00e0 un accord officiel en vertu duquel le Maroc apporterait du gaz du sud de l\u2019Espagne et le distribuerait via le gazoduc Maghreb-Europe. C\u2019est ce que rapporte le journal espagnol \u00abLa Razon\u00bb. Les deux centrales de production d\u2019\u00e9lectricit\u00e9 \u00e0 l\u2019arr\u00eat \u00e0 Tanger et Oujda vont ainsi red\u00e9marrer pour recevoir du gaz d\u2019Espagne. Selon certaines sources, le Maroc obtiendrait du gaz naturel liqu\u00e9fi\u00e9 et le d\u00e9chargerait dans une usine de regaz\u00e9ification de gaz dans le sud de l\u2019Espagne, avant de l\u2019acheminer via le gazoduc Maghreb-Europe. L\u2019arriv\u00e9e du gaz aux deux centrales \u00e9lectriques de la r\u00e9gion de Tihdart, au sud de Tanger, et d\u2019Ain Mathar, \u00e0 Oujda, devrait permettre leur red\u00e9marrage, apr\u00e8s leur mise \u00e0 l\u2019arr\u00eat suite au non renouvellement par l\u2019Alg\u00e9rie du contrat la liant au Maroc, \u00e0 la fin d\u2019octobre 2021. Les deux stations couvrent 10% de la production d\u2019\u00e9lectricit\u00e9 au Maroc. Quelques jours auparavant, Alger avait mis en garde Madrid, selon le journal \u00abEspanol\u00bb, contre l\u2019exportation de gaz alg\u00e9rien vers le Maroc via des stations espagnoles.<\/p>\n\n\n\n<p><strong>C. A.<\/strong><\/p>\n","protected":false},"excerpt":{"rendered":"<p>Rabat et Madrid seraient parvenues \u00e0 un accord officiel en vertu duquel le Maroc apporterait du gaz du sud de l\u2019Espagne et le distribuerait via le gazoduc Maghreb-Europe. C\u2019est ce que rapporte le journal espagnol \u00abLa Razon\u00bb. Les deux centrales de production d\u2019\u00e9lectricit\u00e9 \u00e0 l\u2019arr\u00eat \u00e0 Tanger et Oujda vont ainsi red\u00e9marrer pour recevoir du &hellip;<\/p>\n","protected":false},"author":2,"featured_media":14268,"comment_status":"open","ping_status":"closed","sticky":false,"template":"","format":"standard","meta":{"footnotes":""},"categories":[78],"tags":[],"class_list":["post-14267","post","type-post","status-publish","format-standard","has-post-thumbnail","hentry","category-energie"],"_links":{"self":[{"href":"https:\/\/letempsmag.ma\/index.php?rest_route=\/wp\/v2\/posts\/14267","targetHints":{"allow":["GET"]}}],"collection":[{"href":"https:\/\/letempsmag.ma\/index.php?rest_route=\/wp\/v2\/posts"}],"about":[{"href":"https:\/\/letempsmag.ma\/index.php?rest_route=\/wp\/v2\/types\/post"}],"author":[{"embeddable":true,"href":"https:\/\/letempsmag.ma\/index.php?rest_route=\/wp\/v2\/users\/2"}],"replies":[{"embeddable":true,"href":"https:\/\/letempsmag.ma\/index.php?rest_route=%2Fwp%2Fv2%2Fcomments&post=14267"}],"version-history":[{"count":1,"href":"https:\/\/letempsmag.ma\/index.php?rest_route=\/wp\/v2\/posts\/14267\/revisions"}],"predecessor-version":[{"id":14269,"href":"https:\/\/letempsmag.ma\/index.php?rest_route=\/wp\/v2\/posts\/14267\/revisions\/14269"}],"wp:featuredmedia":[{"embeddable":true,"href":"https:\/\/letempsmag.ma\/index.php?rest_route=\/wp\/v2\/media\/14268"}],"wp:attachment":[{"href":"https:\/\/letempsmag.ma\/index.php?rest_route=%2Fwp%2Fv2%2Fmedia&parent=14267"}],"wp:term":[{"taxonomy":"category","embeddable":true,"href":"https:\/\/letempsmag.ma\/index.php?rest_route=%2Fwp%2Fv2%2Fcategories&post=14267"},{"taxonomy":"post_tag","embeddable":true,"href":"https:\/\/letempsmag.ma\/index.php?rest_route=%2Fwp%2Fv2%2Ftags&post=14267"}],"curies":[{"name":"wp","href":"https:\/\/api.w.org\/{rel}","templated":true}]}}