{"id":14258,"date":"2022-04-21T10:40:08","date_gmt":"2022-04-21T09:40:08","guid":{"rendered":"https:\/\/letempsmag.ma\/?p=14258"},"modified":"2022-04-21T10:40:09","modified_gmt":"2022-04-21T09:40:09","slug":"76-millions-de-clients-et-88-milliards-de-dh-de-recettes-au-premier-trimestre-2022","status":"publish","type":"post","link":"https:\/\/letempsmag.ma\/?p=14258","title":{"rendered":"76 millions de clients et 8,8 milliards de DH de recettes au premier trimestre 2022"},"content":{"rendered":"\n<p>L\u2019op\u00e9rateur historique de t\u00e9l\u00e9coms au Maroc a publi\u00e9 hier ses r\u00e9sultats trimestriels arr\u00eat\u00e9s au titre du premier quart de l\u2019exercice 2022. Le bilan op\u00e9rationnel est tir\u00e9 par la performance des filiales aussi bien que par l\u2019activit\u00e9 domestique. Il en ressort, entre autres indicateurs, une hausse de 3,6% de la base clients du groupe, dont +4,4% pour les filiales et +2% pour le Maroc, qui atteint globalement pr\u00e8s de 76 millions de clients. Un l\u00e9ger repli du chiffre d\u2019affaires consolid\u00e9 (-0,6%) est constat\u00e9, d\u00fb notamment au ralentissement des activit\u00e9s du Mobile au Maroc, mais en revanche, une croissance est enregistr\u00e9e dans le chiffre d\u2019affaires des filiales \u00abMoov Africa\u00bb (+1,8%), gr\u00e2ce \u00e0 la croissance soutenue de la Data Mobile (+29%). La croissance soutenue des revenus de la Data Fixe au Maroc (+8,3%) est tir\u00e9e par l\u2019expansion (+47%) du parc FTTH (fibre optique jusqu\u2019au domicile). Le chiffre d\u2019affaires global de Maroc Telecom, au titre du premier trimestre 2022, a atteint 8,8 milliards de DH, en l\u00e9ger recul de 1,6% (-0,6% \u00e0 taux de change constant), soutenu par les revenus \u00e0 l\u2019international, qui progressent de 1,8% \u00e0 taux de change constant, et compensent en partie la baisse des revenus au Maroc (-2,7%) toujours impact\u00e9s par l\u2019environnement concurrentiel et r\u00e9glementaire.<\/p>\n\n\n\n<p><strong>M. E.<\/strong><\/p>\n","protected":false},"excerpt":{"rendered":"<p>L\u2019op\u00e9rateur historique de t\u00e9l\u00e9coms au Maroc a publi\u00e9 hier ses r\u00e9sultats trimestriels arr\u00eat\u00e9s au titre du premier quart de l\u2019exercice 2022. Le bilan op\u00e9rationnel est tir\u00e9 par la performance des filiales aussi bien que par l\u2019activit\u00e9 domestique. Il en ressort, entre autres indicateurs, une hausse de 3,6% de la base clients du groupe, dont +4,4% &hellip;<\/p>\n","protected":false},"author":2,"featured_media":14259,"comment_status":"open","ping_status":"closed","sticky":false,"template":"","format":"standard","meta":{"footnotes":""},"categories":[320],"tags":[],"class_list":["post-14258","post","type-post","status-publish","format-standard","has-post-thumbnail","hentry","category-maroc-telecom"],"_links":{"self":[{"href":"https:\/\/letempsmag.ma\/index.php?rest_route=\/wp\/v2\/posts\/14258","targetHints":{"allow":["GET"]}}],"collection":[{"href":"https:\/\/letempsmag.ma\/index.php?rest_route=\/wp\/v2\/posts"}],"about":[{"href":"https:\/\/letempsmag.ma\/index.php?rest_route=\/wp\/v2\/types\/post"}],"author":[{"embeddable":true,"href":"https:\/\/letempsmag.ma\/index.php?rest_route=\/wp\/v2\/users\/2"}],"replies":[{"embeddable":true,"href":"https:\/\/letempsmag.ma\/index.php?rest_route=%2Fwp%2Fv2%2Fcomments&post=14258"}],"version-history":[{"count":1,"href":"https:\/\/letempsmag.ma\/index.php?rest_route=\/wp\/v2\/posts\/14258\/revisions"}],"predecessor-version":[{"id":14260,"href":"https:\/\/letempsmag.ma\/index.php?rest_route=\/wp\/v2\/posts\/14258\/revisions\/14260"}],"wp:featuredmedia":[{"embeddable":true,"href":"https:\/\/letempsmag.ma\/index.php?rest_route=\/wp\/v2\/media\/14259"}],"wp:attachment":[{"href":"https:\/\/letempsmag.ma\/index.php?rest_route=%2Fwp%2Fv2%2Fmedia&parent=14258"}],"wp:term":[{"taxonomy":"category","embeddable":true,"href":"https:\/\/letempsmag.ma\/index.php?rest_route=%2Fwp%2Fv2%2Fcategories&post=14258"},{"taxonomy":"post_tag","embeddable":true,"href":"https:\/\/letempsmag.ma\/index.php?rest_route=%2Fwp%2Fv2%2Ftags&post=14258"}],"curies":[{"name":"wp","href":"https:\/\/api.w.org\/{rel}","templated":true}]}}