{"id":14231,"date":"2022-04-20T10:43:31","date_gmt":"2022-04-20T09:43:31","guid":{"rendered":"https:\/\/letempsmag.ma\/?p=14231"},"modified":"2022-04-20T10:43:32","modified_gmt":"2022-04-20T09:43:32","slug":"bientot-une-ligne-maritime-entre-le-maroc-et-larabie-saoudite","status":"publish","type":"post","link":"https:\/\/letempsmag.ma\/?p=14231","title":{"rendered":"Bient\u00f4t, une ligne maritime entre le Maroc et l&#8217;Arabie Saoudite"},"content":{"rendered":"\n<p>Une ligne maritime sera ouverte entre le Maroc et l&#8217;Arabie Saoudite dans les semaines prochaines afin d&#8217;insuffler une nouvelle dynamique \u00e0 la coop\u00e9ration \u00e9conomique et aux \u00e9changes commerciaux entre les deux pays, a annonc\u00e9 Khalid Benjelloun, Pr\u00e9sident du conseil d&#8217;Affaires maroco-saoudien. C\u2019est dans ce contexte que la F\u00e9d\u00e9ration des Chambres Saoudiennes a sign\u00e9 un accord avec une compagnie de transport maritime pour mettre en place une ligne directe entre les deux pays, fait savoir Khalid Benjelloun dans une d\u00e9claration \u00e0 la MAP, \u00e0 l&#8217;issue des travaux du Forum des Affaires maroco-saoudien tenu r\u00e9cemment \u00e0 Djeddah, notant que l&#8217;int\u00e9gration offre aux \u00e9conomie des deux pays les possibilit\u00e9s d&#8217;\u00e9tablir des partenariats industriels fructueux, d&#8217;investir et de cr\u00e9er de la valeur ajout\u00e9e commune et des emplois locaux.<\/p>\n\n\n\n<p>Pr\u00e9cisons que l&#8217;Arabie Saoudite est le premier partenaire commercial du Maroc dans le monde arabe. La valeur totale des \u00e9changes commerciaux bilat\u00e9raux s&#8217;\u00e9levait \u00e0 17,2 milliards de DH en 2021, selon les donn\u00e9es communiqu\u00e9es par le Ministre de l&#8217;Industrie et du Commerce, Ryad Mezzour, qui conduisait la d\u00e9l\u00e9gation marocaine lors de ce Forum.<\/p>\n\n\n\n<p>Le Pr\u00e9sident du conseil d&#8217;Affaires maroco-saoudien a rappel\u00e9 la n\u00e9cessit\u00e9 d&#8217;assouplir les restrictions administratives \u00e0 l&#8217;exportation et \u00e0 l&#8217;importation ainsi que de la mise en place d&#8217;un fonds d&#8217;investissement maroco-saoudien pour faciliter l&#8217;acc\u00e8s au march\u00e9 aux petites et moyennes entreprises, encourager les partenariats entre les entreprises des deux pays et les aider \u00e0 obtenir des financements.<\/p>\n","protected":false},"excerpt":{"rendered":"<p>Une ligne maritime sera ouverte entre le Maroc et l&#8217;Arabie Saoudite dans les semaines prochaines afin d&#8217;insuffler une nouvelle dynamique \u00e0 la coop\u00e9ration \u00e9conomique et aux \u00e9changes commerciaux entre les deux pays, a annonc\u00e9 Khalid Benjelloun, Pr\u00e9sident du conseil d&#8217;Affaires maroco-saoudien. C\u2019est dans ce contexte que la F\u00e9d\u00e9ration des Chambres Saoudiennes a sign\u00e9 un accord &hellip;<\/p>\n","protected":false},"author":2,"featured_media":14232,"comment_status":"open","ping_status":"closed","sticky":false,"template":"","format":"standard","meta":{"footnotes":""},"categories":[625],"tags":[],"class_list":["post-14231","post","type-post","status-publish","format-standard","has-post-thumbnail","hentry","category-commerce-exterieur-2"],"_links":{"self":[{"href":"https:\/\/letempsmag.ma\/index.php?rest_route=\/wp\/v2\/posts\/14231","targetHints":{"allow":["GET"]}}],"collection":[{"href":"https:\/\/letempsmag.ma\/index.php?rest_route=\/wp\/v2\/posts"}],"about":[{"href":"https:\/\/letempsmag.ma\/index.php?rest_route=\/wp\/v2\/types\/post"}],"author":[{"embeddable":true,"href":"https:\/\/letempsmag.ma\/index.php?rest_route=\/wp\/v2\/users\/2"}],"replies":[{"embeddable":true,"href":"https:\/\/letempsmag.ma\/index.php?rest_route=%2Fwp%2Fv2%2Fcomments&post=14231"}],"version-history":[{"count":1,"href":"https:\/\/letempsmag.ma\/index.php?rest_route=\/wp\/v2\/posts\/14231\/revisions"}],"predecessor-version":[{"id":14233,"href":"https:\/\/letempsmag.ma\/index.php?rest_route=\/wp\/v2\/posts\/14231\/revisions\/14233"}],"wp:featuredmedia":[{"embeddable":true,"href":"https:\/\/letempsmag.ma\/index.php?rest_route=\/wp\/v2\/media\/14232"}],"wp:attachment":[{"href":"https:\/\/letempsmag.ma\/index.php?rest_route=%2Fwp%2Fv2%2Fmedia&parent=14231"}],"wp:term":[{"taxonomy":"category","embeddable":true,"href":"https:\/\/letempsmag.ma\/index.php?rest_route=%2Fwp%2Fv2%2Fcategories&post=14231"},{"taxonomy":"post_tag","embeddable":true,"href":"https:\/\/letempsmag.ma\/index.php?rest_route=%2Fwp%2Fv2%2Ftags&post=14231"}],"curies":[{"name":"wp","href":"https:\/\/api.w.org\/{rel}","templated":true}]}}