{"id":14200,"date":"2022-04-19T10:36:28","date_gmt":"2022-04-19T09:36:28","guid":{"rendered":"https:\/\/letempsmag.ma\/?p=14200"},"modified":"2022-04-19T10:36:29","modified_gmt":"2022-04-19T09:36:29","slug":"le-junior-pro-morocco-mall-demarrera-a-la-plage-dain-diab-en-mai-prochain","status":"publish","type":"post","link":"https:\/\/letempsmag.ma\/?p=14200","title":{"rendered":"Le \u00abJunior Pro Morocco Mall\u00bb d\u00e9marrera \u00e0 la plage d\u2019A\u00efn Diab en mai prochain"},"content":{"rendered":"\n<p>La World Surf League Europe annonce la confirmation de la tenue du \u00abJunior Pro Morocco Mall\u00bb, premi\u00e8re \u00e9tape de la saison des \u00abJuniors Qualifying Series\u00bb, \u00e0 Casablanca du 4 au 8 mai 2022. Les meilleurs surfeurs de la r\u00e9gion Europe, \u00e2g\u00e9s de 20 ans et moins, se retrouveront en effet sur la plage d\u2019A\u00efn Diab pour l\u2019ouverture de leur saison 2022 qui s\u2019annonce charg\u00e9e avec pas moins de six comp\u00e9titions aux quatre coins d\u2019Europe. Celle-ci les m\u00e8nera tour \u00e0 tour au Maroc, en Espagne, au Portugal, en France, puis de nouveau au Portugal pour se terminer en octobre sur les plages du Sud-Ouest de la France.<\/p>\n\n\n\n<p>Apr\u00e8s trois \u00e9ditions r\u00e9ussies des \u00abQualifying Series\u00bb \u00e0 Casablanca, de 2015 \u00e0 2017, ainsi qu\u2019une comp\u00e9tition majeure \u00e0 Taghazout Bay en 2020 (annul\u00e9e en 2021 \u00e0 cause du \u00abCovid\u00bb), le surf professionnel est ainsi de retour au Maroc en 2022 avec, cette fois, une priorit\u00e9 donn\u00e9e aux jeunes espoirs du surf europ\u00e9en et marocain. Plus de 150 athl\u00e8tes sont d\u2019ores et d\u00e9j\u00e0 inscrits, y compris les vainqueurs du circuit junior europ\u00e9en 2021&nbsp;: Adur Amatriain (Royaume-Uni)) et Janire Gonzalez Etxabarri (Espagne), ainsi que leurs plus proches rivaux, en l\u2019occurrence Sam Piter (France), Kai Odriozola (Espagne) et Afonso Antunes (Portugal) chez les hommes, et Lucia Machado (Espagne), Aelan Vaast (Fance) et Juliette Lacome (France) chez les femmes.<\/p>\n\n\n\n<p>La nouvelle g\u00e9n\u00e9ration de surfeurs marocains sera \u00e9galement bien repr\u00e9sent\u00e9e avec pas moins de 18 athl\u00e8tes, notamment les plus aguerris \u00e0 la comp\u00e9tition&nbsp;: Neil Aboufiras et Tebbai Lilias.<\/p>\n\n\n\n<p>Pr\u00e9cisons que le \u00abJunior Pro Morocco Mall\u00bb est organis\u00e9 par la World Surf League avec le soutien de partenaires majeurs tels que la F\u00e9d\u00e9ration Royale Marocaine de Surf, le Morocco Mall, Maroc Telecom, A\u00efn Atlas, Afriquia Gaz, Rip Curl, Marsa Maroc et Arma Environnement.<\/p>\n\n\n\n<p><strong>M. E.<\/strong><\/p>\n","protected":false},"excerpt":{"rendered":"<p>La World Surf League Europe annonce la confirmation de la tenue du \u00abJunior Pro Morocco Mall\u00bb, premi\u00e8re \u00e9tape de la saison des \u00abJuniors Qualifying Series\u00bb, \u00e0 Casablanca du 4 au 8 mai 2022. Les meilleurs surfeurs de la r\u00e9gion Europe, \u00e2g\u00e9s de 20 ans et moins, se retrouveront en effet sur la plage d\u2019A\u00efn Diab &hellip;<\/p>\n","protected":false},"author":2,"featured_media":14201,"comment_status":"open","ping_status":"closed","sticky":false,"template":"","format":"standard","meta":{"footnotes":""},"categories":[686],"tags":[],"class_list":["post-14200","post","type-post","status-publish","format-standard","has-post-thumbnail","hentry","category-surfing"],"_links":{"self":[{"href":"https:\/\/letempsmag.ma\/index.php?rest_route=\/wp\/v2\/posts\/14200","targetHints":{"allow":["GET"]}}],"collection":[{"href":"https:\/\/letempsmag.ma\/index.php?rest_route=\/wp\/v2\/posts"}],"about":[{"href":"https:\/\/letempsmag.ma\/index.php?rest_route=\/wp\/v2\/types\/post"}],"author":[{"embeddable":true,"href":"https:\/\/letempsmag.ma\/index.php?rest_route=\/wp\/v2\/users\/2"}],"replies":[{"embeddable":true,"href":"https:\/\/letempsmag.ma\/index.php?rest_route=%2Fwp%2Fv2%2Fcomments&post=14200"}],"version-history":[{"count":1,"href":"https:\/\/letempsmag.ma\/index.php?rest_route=\/wp\/v2\/posts\/14200\/revisions"}],"predecessor-version":[{"id":14202,"href":"https:\/\/letempsmag.ma\/index.php?rest_route=\/wp\/v2\/posts\/14200\/revisions\/14202"}],"wp:featuredmedia":[{"embeddable":true,"href":"https:\/\/letempsmag.ma\/index.php?rest_route=\/wp\/v2\/media\/14201"}],"wp:attachment":[{"href":"https:\/\/letempsmag.ma\/index.php?rest_route=%2Fwp%2Fv2%2Fmedia&parent=14200"}],"wp:term":[{"taxonomy":"category","embeddable":true,"href":"https:\/\/letempsmag.ma\/index.php?rest_route=%2Fwp%2Fv2%2Fcategories&post=14200"},{"taxonomy":"post_tag","embeddable":true,"href":"https:\/\/letempsmag.ma\/index.php?rest_route=%2Fwp%2Fv2%2Ftags&post=14200"}],"curies":[{"name":"wp","href":"https:\/\/api.w.org\/{rel}","templated":true}]}}