{"id":14185,"date":"2022-04-18T16:16:51","date_gmt":"2022-04-18T15:16:51","guid":{"rendered":"https:\/\/letempsmag.ma\/?p=14185"},"modified":"2022-04-18T16:16:52","modified_gmt":"2022-04-18T15:16:52","slug":"emirates-celebre-ses-20-ans-de-service-au-maroc","status":"publish","type":"post","link":"https:\/\/letempsmag.ma\/?p=14185","title":{"rendered":"<strong>Emirates c\u00e9l\u00e8bre ses 20 ans de service au Maroc<\/strong>"},"content":{"rendered":"\n<p>La plus grande compagnie a\u00e9rienne au monde, Emirates, c\u00e9l\u00e8bre son 20<sup>\u00e8me<\/sup>&nbsp;anniversaire de services sur Casablanca. La compagnie a en effet lanc\u00e9 son tout premier vol en 2002 et, depuis lors, Emirates a transport\u00e9 plus de 3,4 millions de passagers sur plus de 14.000 vols entre Duba\u00ef et Casablanca, soutenant l&#8217;industrie touristique du Royaume, d\u00e9veloppant les voies commerciales et apportant la culture et les traditions marocaines au monde.<\/p>\n\n\n\n<p>Comm\u00e9morant ce moment important, Khalfan Al Salami, Directeur R\u00e9gional d&#8217;Emirates au Maroc et en Mauritanie, a d\u00e9clar\u00e9 qu\u2019\u00abEmirates est ravie de c\u00e9l\u00e9brer 20 ans d&#8217;op\u00e9rations au Maroc. Au cours des deux derni\u00e8res d\u00e9cennies, nous sommes rest\u00e9s d\u00e9termin\u00e9s \u00e0 offrir encore plus de choix \u00e0 nos clients voyageant \u00e0 destination et en provenance de Casablanca, en d\u00e9veloppant nos activit\u00e9s pour devenir l&#8217;une des plus grandes compagnies a\u00e9riennes de la r\u00e9gion. Nous restons concentr\u00e9s sur la croissance au Maroc et nous ajoutons de nouvelles routes telles que Tel Aviv, qui sera lanc\u00e9e \u00e0 partir du 23 juin 2022. Nous restons d\u00e9termin\u00e9s \u00e0 offrir le meilleur confort et la meilleure hospitalit\u00e9 \u00e0 bord, une technologie innovante qui facilite le voyage et des connexions in\u00e9gal\u00e9es vers Duba\u00ef et au-del\u00e0 afin de connecter le Maroc au monde\u00bb. Le patron d\u2019Emirates ajoute aussi qu\u2019\u00abavec la lev\u00e9e des restrictions de voyage li\u00e9es au \u00abCovid-19\u00bb, c&#8217;est le moment id\u00e9al pour r\u00e9server avec Emirates. Nous sommes enthousiasm\u00e9s par nos plans au Maroc pour les saisons de printemps et d&#8217;\u00e9t\u00e9 et nous avons h\u00e2te d&#8217;accueillir \u00e0 nouveau plus de clients \u00e0 bord\u00bb.<\/p>\n\n\n\n<p>\u00c0 souligner qu\u2019Emirates contribue non seulement \u00e0 la connectivit\u00e9 mondiale des voyageurs d&#8217;affaires et des vacanciers marocains, mais elle continue \u00e9galement de jouer un r\u00f4le-cl\u00e9 dans la promotion de la croissance \u00e9conomique du Maroc. Pour faciliter le commerce et connecter les entreprises marocaines \u00e0 Duba\u00ef et au monde, la compagnie transporte des marchandises \u00e0 destination et en provenance de Casablanca en utilisant la capacit\u00e9 de fret de ses avions passagers.<\/p>\n\n\n\n<p>Rappelons que le premier vol d&#8217;Emirates entre Duba\u00ef et Casablanca a \u00e9t\u00e9 op\u00e9r\u00e9 en mars 2002. Une fr\u00e9quence trois vols hebdomadaires sur un Airbus \u00abA330-200\u00bb puis en avril 2004, doublement des fr\u00e9quences de vols, passant \u00e0 service 6 fois par semaine avec une nouvelle g\u00e9n\u00e9ration d\u2019Airbus \u00abA340-300\u00bb qui a \u00e9t\u00e9 remplac\u00e9e, un an plus tard, par le Boeing \u00abB777-ER\u00bb op\u00e9rant des vols quotidiens. En mars 2017, Emirates a lanc\u00e9 son service-phare avec l\u2019embl\u00e9matique Airbus \u00abA380\u00bb au Maroc et en Afrique du Nord pour la premi\u00e8re fois, devenant la premi\u00e8re compagnie a\u00e9rienne internationale \u00e0 exploiter des vols r\u00e9guliers en Airbus \u00abA380\u00bb sur Casablanca. Pr\u00e9cisons aussi qu\u2019Emirates emploie actuellement 620 Marocains \u00e0 travers le groupe, y compris au niveau du personnel de cabine bas\u00e9 au hub international de Duba\u00ef.<\/p>\n\n\n\n<p>Emirates a \u00e9t\u00e9 d\u00e9sign\u00e9e \u00abWorld\u2019s Leading Economy Class\u00bb, \u00abAirline Rewards Programme\u00bb et \u00abAirline Lounge Business Class\u00bb aux \u00abWorld Travel Awards 2020. Elle a \u00e9t\u00e9 \u00e9galement pl\u00e9biscit\u00e9e \u00ab Meilleure Premi\u00e8re Classe au monde\u00bb aux \u00abTripadvisor Travellers Choice Awards 2020\u00bb d\u00e9di\u00e9s aux compagnies a\u00e9riennes. Le transporteur a re\u00e7u aussi le \u00abPrix Meilleur Wi-Fi, meilleure nourriture et meilleures boissons\u00bb ainsi que le \u00abPrix Meilleur Divertissement\u00bb aux \u00abAPEX Passenger Choice Awards 2020\u00bb. La liste des distinctions est loin d\u2019\u00eatre restreinte car la compagnie a glan\u00e9 le \u00abPrix Gagnant de la cat\u00e9gorie de la r\u00e9gion du Moyen-Orient\u00bb aux \u00abAirline Business Decade of Excellence Awards 2020\u00bb de Flight Global, le \u00abPrix Meilleur Divertissement en Vol\u00bb aux \u00abBusiness Traveler Awards 2020\u00bb, le \u00abPrix Meilleure compagnie a\u00e9rienne\u00bb pour 2020 aux \u00abSun Travel Awards\u00bb et le \u00abPrix Meilleure compagnie a\u00e9rienne long-courrier\u00bb aux \u00abTimes\u00bb et aux \u00abSunday Times Travel Awards\u00bb.<\/p>\n","protected":false},"excerpt":{"rendered":"<p>La plus grande compagnie a\u00e9rienne au monde, Emirates, c\u00e9l\u00e8bre son 20\u00e8me&nbsp;anniversaire de services sur Casablanca. La compagnie a en effet lanc\u00e9 son tout premier vol en 2002 et, depuis lors, Emirates a transport\u00e9 plus de 3,4 millions de passagers sur plus de 14.000 vols entre Duba\u00ef et Casablanca, soutenant l&#8217;industrie touristique du Royaume, d\u00e9veloppant les &hellip;<\/p>\n","protected":false},"author":2,"featured_media":14186,"comment_status":"open","ping_status":"closed","sticky":false,"template":"","format":"standard","meta":{"footnotes":""},"categories":[53],"tags":[],"class_list":["post-14185","post","type-post","status-publish","format-standard","has-post-thumbnail","hentry","category-aerien"],"_links":{"self":[{"href":"https:\/\/letempsmag.ma\/index.php?rest_route=\/wp\/v2\/posts\/14185","targetHints":{"allow":["GET"]}}],"collection":[{"href":"https:\/\/letempsmag.ma\/index.php?rest_route=\/wp\/v2\/posts"}],"about":[{"href":"https:\/\/letempsmag.ma\/index.php?rest_route=\/wp\/v2\/types\/post"}],"author":[{"embeddable":true,"href":"https:\/\/letempsmag.ma\/index.php?rest_route=\/wp\/v2\/users\/2"}],"replies":[{"embeddable":true,"href":"https:\/\/letempsmag.ma\/index.php?rest_route=%2Fwp%2Fv2%2Fcomments&post=14185"}],"version-history":[{"count":1,"href":"https:\/\/letempsmag.ma\/index.php?rest_route=\/wp\/v2\/posts\/14185\/revisions"}],"predecessor-version":[{"id":14187,"href":"https:\/\/letempsmag.ma\/index.php?rest_route=\/wp\/v2\/posts\/14185\/revisions\/14187"}],"wp:featuredmedia":[{"embeddable":true,"href":"https:\/\/letempsmag.ma\/index.php?rest_route=\/wp\/v2\/media\/14186"}],"wp:attachment":[{"href":"https:\/\/letempsmag.ma\/index.php?rest_route=%2Fwp%2Fv2%2Fmedia&parent=14185"}],"wp:term":[{"taxonomy":"category","embeddable":true,"href":"https:\/\/letempsmag.ma\/index.php?rest_route=%2Fwp%2Fv2%2Fcategories&post=14185"},{"taxonomy":"post_tag","embeddable":true,"href":"https:\/\/letempsmag.ma\/index.php?rest_route=%2Fwp%2Fv2%2Ftags&post=14185"}],"curies":[{"name":"wp","href":"https:\/\/api.w.org\/{rel}","templated":true}]}}