{"id":14050,"date":"2022-04-14T10:26:57","date_gmt":"2022-04-14T09:26:57","guid":{"rendered":"https:\/\/letempsmag.ma\/?p=14050"},"modified":"2022-04-15T11:24:59","modified_gmt":"2022-04-15T10:24:59","slug":"requalification-urbaine-de-72-quartiers-sous-equipes-du-grand-casablanca","status":"publish","type":"post","link":"https:\/\/letempsmag.ma\/?p=14050","title":{"rendered":"Requalification urbaine de 72 quartiers sous-\u00e9quip\u00e9s du Grand Casablanca"},"content":{"rendered":"\n<p>La Ministre de l\u2019Am\u00e9nagement du territoire national, de l\u2019Urbanisme, de l\u2019Habitat et de la Politique de la ville, Fatima-Ezzahra El Mansouri, a pr\u00e9sid\u00e9 hier \u00e0 Rabat les travaux du Comit\u00e9 central de suivi de la convention relative \u00e0 la requalification et l\u2019int\u00e9gration urbaine de 72 quartiers sous-\u00e9quip\u00e9s du Grand Casablanca. Un communiqu\u00e9 du minist\u00e8re indique que cette r\u00e9union, qui s&#8217;est d\u00e9roul\u00e9e en pr\u00e9sence du Wali de la R\u00e9gion de Casablanca-Settat ainsi que des repr\u00e9sentants des diff\u00e9rents partenaires publics, a permis de s\u2019enqu\u00e9rir de l\u2019\u00e9tat d\u2019avancement de ce programme et de la mise en \u0153uvre des recommandations issues de la derni\u00e8re session du Comit\u00e9 central tenue le 4 juin 2019. La r\u00e9union a \u00e9galement permis de discuter des solutions susceptibles d\u2019aider \u00e0 g\u00e9rer les contraintes en vue de faire aboutir ce chantier dans les d\u00e9lais convenus et d\u2019offrir ainsi aux citoyens un meilleur cadre de vie.<\/p>\n\n\n\n<p>La Ministre a d\u00e9clar\u00e9 qu&#8217;\u00aben commun accord avec les diff\u00e9rentes parties, nous travaillons sur une nouvelle approche afin d\u2019\u00e9quiper, en premier lieu, les quartiers prioritaires et d\u2019attaquer ensuite le reliquat qui reste \u00e0 restructurer\u00bb, ajoutant qu&#8217;aujourd\u2019hui, \u00abnous avons fait le constat que ce n\u2019est pas le financement qui pose probl\u00e8me au niveau de ce programme qui concerne plus de 56.000 m\u00e9nages. Nous allons multiplier les efforts pour une meilleure priorisation des actions et plus de convergence autour de ce programme en vue d\u2019atteindre les objectifs de la convention\u00bb.<\/p>\n\n\n\n<p>La nouvelle approche vise \u00e0 mettre en \u0153uvre les hautes instructions Royales ainsi que les recommandations du nouveau Mod\u00e8le de d\u00e9veloppement visant plus d\u2019\u00e9quit\u00e9 sociale, de convergence et de synergies entre les diff\u00e9rents acteurs publics concern\u00e9s pour garantir une adh\u00e9sion maximale \u00e0 ce projet structurant.<\/p>\n\n\n\n<p>Rappelons que le programme de requalification et d\u2019int\u00e9gration urbaine de 72 quartiers sous-\u00e9quip\u00e9s a fait l\u2019objet d\u2019une convention sign\u00e9e le 26 septembre 2014, devant le Souverain dont la convention sp\u00e9cifique a \u00e9t\u00e9 sign\u00e9e en mai 2015. Les travaux pr\u00e9vus concernent la r\u00e9alisation des voies de d\u00e9senclavement des quartiers concern\u00e9s ainsi que l\u2019ex\u00e9cution et le renforcement du r\u00e9seau d\u2019assainissement, d\u2019eau potable, d\u2019\u00e9lectrification et d\u2019\u00e9clairage public. Le co\u00fbt global allou\u00e9 \u00e0 ce programme est de l\u2019ordre de 2 milliards de DH.<\/p>\n","protected":false},"excerpt":{"rendered":"<p>La Ministre de l\u2019Am\u00e9nagement du territoire national, de l\u2019Urbanisme, de l\u2019Habitat et de la Politique de la ville, Fatima-Ezzahra El Mansouri, a pr\u00e9sid\u00e9 hier \u00e0 Rabat les travaux du Comit\u00e9 central de suivi de la convention relative \u00e0 la requalification et l\u2019int\u00e9gration urbaine de 72 quartiers sous-\u00e9quip\u00e9s du Grand Casablanca. Un communiqu\u00e9 du minist\u00e8re indique &hellip;<\/p>\n","protected":false},"author":2,"featured_media":14087,"comment_status":"open","ping_status":"closed","sticky":false,"template":"","format":"standard","meta":{"footnotes":""},"categories":[213],"tags":[],"class_list":["post-14050","post","type-post","status-publish","format-standard","has-post-thumbnail","hentry","category-amenagement-2"],"_links":{"self":[{"href":"https:\/\/letempsmag.ma\/index.php?rest_route=\/wp\/v2\/posts\/14050","targetHints":{"allow":["GET"]}}],"collection":[{"href":"https:\/\/letempsmag.ma\/index.php?rest_route=\/wp\/v2\/posts"}],"about":[{"href":"https:\/\/letempsmag.ma\/index.php?rest_route=\/wp\/v2\/types\/post"}],"author":[{"embeddable":true,"href":"https:\/\/letempsmag.ma\/index.php?rest_route=\/wp\/v2\/users\/2"}],"replies":[{"embeddable":true,"href":"https:\/\/letempsmag.ma\/index.php?rest_route=%2Fwp%2Fv2%2Fcomments&post=14050"}],"version-history":[{"count":1,"href":"https:\/\/letempsmag.ma\/index.php?rest_route=\/wp\/v2\/posts\/14050\/revisions"}],"predecessor-version":[{"id":14057,"href":"https:\/\/letempsmag.ma\/index.php?rest_route=\/wp\/v2\/posts\/14050\/revisions\/14057"}],"wp:featuredmedia":[{"embeddable":true,"href":"https:\/\/letempsmag.ma\/index.php?rest_route=\/wp\/v2\/media\/14087"}],"wp:attachment":[{"href":"https:\/\/letempsmag.ma\/index.php?rest_route=%2Fwp%2Fv2%2Fmedia&parent=14050"}],"wp:term":[{"taxonomy":"category","embeddable":true,"href":"https:\/\/letempsmag.ma\/index.php?rest_route=%2Fwp%2Fv2%2Fcategories&post=14050"},{"taxonomy":"post_tag","embeddable":true,"href":"https:\/\/letempsmag.ma\/index.php?rest_route=%2Fwp%2Fv2%2Ftags&post=14050"}],"curies":[{"name":"wp","href":"https:\/\/api.w.org\/{rel}","templated":true}]}}