{"id":13987,"date":"2022-04-12T10:59:08","date_gmt":"2022-04-12T09:59:08","guid":{"rendered":"https:\/\/letempsmag.ma\/?p=13987"},"modified":"2022-04-12T10:59:10","modified_gmt":"2022-04-12T09:59:10","slug":"elsan-le-geant-francais-de-la-sante-nomme-ahmed-el-bahri-a-la-tete-de-sa-filiale-marocaine","status":"publish","type":"post","link":"https:\/\/letempsmag.ma\/?p=13987","title":{"rendered":"ELSAN, le g\u00e9ant fran\u00e7ais de la sant\u00e9, nomme Ahmed El Bahri \u00e0 la t\u00eate de sa filiale marocaine"},"content":{"rendered":"\n<p>Ahmed El Bahri vient d\u2019\u00eatre nomm\u00e9 Pr\u00e9sident Directeur G\u00e9n\u00e9ral d\u2019ELSAN Maroc, filiale de groupe fran\u00e7ais ELSAN, leader de l\u2019hospitalisation priv\u00e9e dans l\u2019Hexagone, implant\u00e9 dans le Royaume depuis 2019, dans la r\u00e9gion de Casablanca, \u00e0 Bouskoura, \u00e0 travers la Clinique Ville Verte, et \u00e0 Settat avec la Clinique Les Oliviers.<\/p>\n\n\n\n<p>Fort d\u2019une exp\u00e9rience riche de plus de 17 ans dans le secteur de la sant\u00e9 \u00e0 diff\u00e9rents postes fonctionnels et op\u00e9rationnels, aussi bien en France qu\u2019au Maroc, Ahmed El Bahri est mandat\u00e9 pour d\u00e9velopper une offre de soins de qualit\u00e9, innovante et aux meilleurs standards internationaux. Titulaire d\u2019un dipl\u00f4me en gestion, marketing et direction d\u2019h\u00f4pital, il a \u00e9t\u00e9 chef de Bureau de l\u2019Efficience des \u00e9tablissements publics et priv\u00e9s de sant\u00e9 au sein du minist\u00e8re fran\u00e7ais de la Sant\u00e9; avant de se voir confier la responsabilit\u00e9 de la direction des finances aux CHU de Nancy puis celui de Montpellier. Il a par ailleurs pilot\u00e9 plusieurs missions en France, notamment \u00e0 l\u2019Agence R\u00e9gionale de Sant\u00e9, en r\u00e9gion Provence-Alpes-C\u00f4te d\u2019Azur, en tant que directeur de l\u2019organisation des soins. Par ailleurs, en tant que Directeur D\u00e9l\u00e9gu\u00e9 de la Fondation Cheikh Khalifa Ibn Zaid, il a men\u00e9 une politique de d\u00e9veloppement ax\u00e9e sur la cr\u00e9ation et la gestion de structures de soins, de biologie m\u00e9dicale et de structures d\u2019enseignement et de formation. Sp\u00e9cialiste dans la r\u00e9gularisation de l\u2019offre de soins sur le volet sanitaire, Ahmed El Bahri d\u00e9ploie aujourd\u2019hui une vision strat\u00e9gique&nbsp;: r\u00e9affirmer la pr\u00e9sence d\u2019ELSAN au Maroc et d\u00e9velopper des soins de qualit\u00e9, innovants, accessibles et aux meilleurs standards internationaux, notamment en accompagnant la mont\u00e9e en comp\u00e9tence de ses \u00e9quipes m\u00e9dicales et soignantes.<\/p>\n\n\n\n<p>\u00abNous nous engageons \u00e0 d\u00e9velopper des relations solides avec les acteurs des \u00e9tablissements de sant\u00e9 publics et des h\u00f4pitaux priv\u00e9s \u00e0 travers le Maroc. Nous souhaitons les inscrire sous le signe du respect et de l\u2019engagement mutuel pour am\u00e9liorer l\u2019offre de soins marocaine\u00bb, confie le patron d\u2019ELSAN Maroc.<\/p>\n\n\n\n<p>Pour sa part, Thierry Chiche, Pr\u00e9sident du groupe ELSAN, d\u00e9clare&nbsp;: \u00abnous avons pour ambition de conforter notre pr\u00e9sence au Maroc. Sous la direction d\u2019Ahmed El Bahri, les \u00e9quipes d\u2019ELSAN Maroc proposent des prises en charge aux meilleurs standards internationaux au sein de nos \u00e9tablissements de Bouskoura et de Settat\u00bb.<\/p>\n\n\n\n<p>Rappelons qu\u2019ELSAN est leader de l\u2019hospitalisation priv\u00e9e en France, pr\u00e9sent sur l\u2019ensemble des m\u00e9tiers de l\u2019hospitalisation, dans toutes les r\u00e9gions de l\u2019Hexagone. Le groupe emploie 28.000 collaborateurs et 7.500 m\u00e9decins lib\u00e9raux exer\u00e7ant dans les 137 \u00e9tablissements du groupe en France et au Maroc. Ils prennent en charge plus de 2 millions de patients chaque ann\u00e9e. Au Maroc, la filiale locale a inaugur\u00e9 en 2017 la Clinique Ville Verte \u00e0 Bouskoura, un \u00e9tablissement cr\u00e9\u00e9 aux meilleures normes hospitali\u00e8res internationales. Avec 150 collaborateurs et 265 m\u00e9decins, l\u2019\u00e9tablissement propose 123 lits, accueille 10.000 patients par an et 2.500 passages aux urgences chaque ann\u00e9e. La Clinique Les Oliviers, \u00e0 Settat, a \u00e9t\u00e9 lanc\u00e9e en 2015. L\u2019\u00e9tablissement emploie 54 salari\u00e9s et propose une expertise m\u00e9dicale de tr\u00e8s haut niveau dans de multiples disciplines, avec notamment 3 salles de blocs op\u00e9ratoires sur 1.500 m2 et une \u00e9quipe 30 praticiens.<\/p>\n","protected":false},"excerpt":{"rendered":"<p>Ahmed El Bahri vient d\u2019\u00eatre nomm\u00e9 Pr\u00e9sident Directeur G\u00e9n\u00e9ral d\u2019ELSAN Maroc, filiale de groupe fran\u00e7ais ELSAN, leader de l\u2019hospitalisation priv\u00e9e dans l\u2019Hexagone, implant\u00e9 dans le Royaume depuis 2019, dans la r\u00e9gion de Casablanca, \u00e0 Bouskoura, \u00e0 travers la Clinique Ville Verte, et \u00e0 Settat avec la Clinique Les Oliviers. Fort d\u2019une exp\u00e9rience riche de plus &hellip;<\/p>\n","protected":false},"author":2,"featured_media":13988,"comment_status":"open","ping_status":"closed","sticky":false,"template":"","format":"standard","meta":{"footnotes":""},"categories":[643],"tags":[],"class_list":["post-13987","post","type-post","status-publish","format-standard","has-post-thumbnail","hentry","category-soins"],"_links":{"self":[{"href":"https:\/\/letempsmag.ma\/index.php?rest_route=\/wp\/v2\/posts\/13987","targetHints":{"allow":["GET"]}}],"collection":[{"href":"https:\/\/letempsmag.ma\/index.php?rest_route=\/wp\/v2\/posts"}],"about":[{"href":"https:\/\/letempsmag.ma\/index.php?rest_route=\/wp\/v2\/types\/post"}],"author":[{"embeddable":true,"href":"https:\/\/letempsmag.ma\/index.php?rest_route=\/wp\/v2\/users\/2"}],"replies":[{"embeddable":true,"href":"https:\/\/letempsmag.ma\/index.php?rest_route=%2Fwp%2Fv2%2Fcomments&post=13987"}],"version-history":[{"count":1,"href":"https:\/\/letempsmag.ma\/index.php?rest_route=\/wp\/v2\/posts\/13987\/revisions"}],"predecessor-version":[{"id":13989,"href":"https:\/\/letempsmag.ma\/index.php?rest_route=\/wp\/v2\/posts\/13987\/revisions\/13989"}],"wp:featuredmedia":[{"embeddable":true,"href":"https:\/\/letempsmag.ma\/index.php?rest_route=\/wp\/v2\/media\/13988"}],"wp:attachment":[{"href":"https:\/\/letempsmag.ma\/index.php?rest_route=%2Fwp%2Fv2%2Fmedia&parent=13987"}],"wp:term":[{"taxonomy":"category","embeddable":true,"href":"https:\/\/letempsmag.ma\/index.php?rest_route=%2Fwp%2Fv2%2Fcategories&post=13987"},{"taxonomy":"post_tag","embeddable":true,"href":"https:\/\/letempsmag.ma\/index.php?rest_route=%2Fwp%2Fv2%2Ftags&post=13987"}],"curies":[{"name":"wp","href":"https:\/\/api.w.org\/{rel}","templated":true}]}}