{"id":13787,"date":"2022-04-05T11:06:05","date_gmt":"2022-04-05T10:06:05","guid":{"rendered":"https:\/\/letempsmag.ma\/?p=13787"},"modified":"2022-04-05T11:06:06","modified_gmt":"2022-04-05T10:06:06","slug":"le-cri-de-la-cite-ocre-tient-la-1ere-edition-du-marrakech-investor-day","status":"publish","type":"post","link":"https:\/\/letempsmag.ma\/?p=13787","title":{"rendered":"Le CRI de la cit\u00e9 ocre tient la 1\u00e8re \u00e9dition du \u00abMarrakech Investor Day\u00bb"},"content":{"rendered":"\n<p>Sous l&#8217;\u00e9gide de la Wilaya de Marrakech-Safi, en partenariat avec la Soci\u00e9t\u00e9\u0301 Financi\u00e8re Internationale (SFI), membre du groupe Banque Mondiale, et avec le soutien du Secr\u00e9tariat d\u2019\u00c9tat \u00e0 l\u2019\u00c9conomie, le Centre R\u00e9gional d\u2019Investissement de Marrakech-Safi (CRI) organise demain 6 avril \u00e0 Marrakech la premi\u00e8re \u00e9dition du \u00abMarrakech Investor Day\u00bb.<\/p>\n\n\n\n<p>Initi\u00e9 dans le cadre de la mission du CRI d\u2019impulsion \u00e9conomique et de promotion territoriale, l\u2019\u00e9v\u00e9nement a pour objectif de promouvoir les atouts, potentialit\u00e9s et nouvelles opportunit\u00e9s qu\u2019offre Marrakech et pr\u00e9senter aux investisseurs les m\u00e9canismes et instruments de soutien et de relance.<\/p>\n\n\n\n<p>La rencontre sera pr\u00e9sid\u00e9e par le Wali de la r\u00e9gion Marrakech Safi et Gouverneur de la pr\u00e9fecture de Marrakech, Karim Kassi Lahlou. Elle verra la participation du Ministre d\u00e9l\u00e9gu\u00e9 charg\u00e9 de l&#8217;Investissement, de la Convergence et de l&#8217;\u00c9valuation des Politiques publiques, Mohcine Jazouli; du Directeur de la SFI pour le Maghreb, Xavier Reille; du Conseiller aupr\u00e8s de l\u2019ambassade de Suisse au Maroc et repr\u00e9sentant le Secr\u00e9tariat d&#8217;\u00c9tat suisse \u00e0 l&#8217;\u00e9conomie, Pierre-Yves Morier; ainsi que de nombreuses personnalit\u00e9s de premier plan.<\/p>\n\n\n\n<p>Organis\u00e9 sous format hybride au Mus\u00e9e Mohammed VI de la Civilisation de l\u2019Eau, l\u2019\u00e9v\u00e9nement sera \u00e9galement diffus\u00e9 sur les principaux r\u00e9seaux sociaux \u00e0 destination des investisseurs \u00e9trangers. Durant cette rencontre, un focus particulier sera port\u00e9 sur l\u2019importance de la data comme vecteur indispensable de croissance et de d\u00e9veloppement. Ce sera aussi l\u2019occasion pour le CRI de pr\u00e9senter sa nouvelle plateforme collaborative.<\/p>\n\n\n\n<p>En cette p\u00e9riode de relance, le CRI de Marrakech-Safi a d\u00e9cid\u00e9 de profiter de cet \u00e9v\u00e9nement-phare pour honorer et c\u00e9l\u00e9brer les entrepreneurs et investisseurs r\u00e9gionaux qui font la fiert\u00e9 de la r\u00e9gion \u00e0 travers la remise des \u00abMarrakech Investor Awards\u00bb; des troph\u00e9es sur les th\u00e8mes de la r\u00e9silience, de la r\u00e9invention, de l\u2019innovation et de la durabilit\u00e9.<\/p>\n","protected":false},"excerpt":{"rendered":"<p>Sous l&#8217;\u00e9gide de la Wilaya de Marrakech-Safi, en partenariat avec la Soci\u00e9t\u00e9\u0301 Financi\u00e8re Internationale (SFI), membre du groupe Banque Mondiale, et avec le soutien du Secr\u00e9tariat d\u2019\u00c9tat \u00e0 l\u2019\u00c9conomie, le Centre R\u00e9gional d\u2019Investissement de Marrakech-Safi (CRI) organise demain 6 avril \u00e0 Marrakech la premi\u00e8re \u00e9dition du \u00abMarrakech Investor Day\u00bb. Initi\u00e9 dans le cadre de la &hellip;<\/p>\n","protected":false},"author":2,"featured_media":13788,"comment_status":"open","ping_status":"closed","sticky":false,"template":"","format":"standard","meta":{"footnotes":""},"categories":[158],"tags":[],"class_list":["post-13787","post","type-post","status-publish","format-standard","has-post-thumbnail","hentry","category-business"],"_links":{"self":[{"href":"https:\/\/letempsmag.ma\/index.php?rest_route=\/wp\/v2\/posts\/13787","targetHints":{"allow":["GET"]}}],"collection":[{"href":"https:\/\/letempsmag.ma\/index.php?rest_route=\/wp\/v2\/posts"}],"about":[{"href":"https:\/\/letempsmag.ma\/index.php?rest_route=\/wp\/v2\/types\/post"}],"author":[{"embeddable":true,"href":"https:\/\/letempsmag.ma\/index.php?rest_route=\/wp\/v2\/users\/2"}],"replies":[{"embeddable":true,"href":"https:\/\/letempsmag.ma\/index.php?rest_route=%2Fwp%2Fv2%2Fcomments&post=13787"}],"version-history":[{"count":1,"href":"https:\/\/letempsmag.ma\/index.php?rest_route=\/wp\/v2\/posts\/13787\/revisions"}],"predecessor-version":[{"id":13789,"href":"https:\/\/letempsmag.ma\/index.php?rest_route=\/wp\/v2\/posts\/13787\/revisions\/13789"}],"wp:featuredmedia":[{"embeddable":true,"href":"https:\/\/letempsmag.ma\/index.php?rest_route=\/wp\/v2\/media\/13788"}],"wp:attachment":[{"href":"https:\/\/letempsmag.ma\/index.php?rest_route=%2Fwp%2Fv2%2Fmedia&parent=13787"}],"wp:term":[{"taxonomy":"category","embeddable":true,"href":"https:\/\/letempsmag.ma\/index.php?rest_route=%2Fwp%2Fv2%2Fcategories&post=13787"},{"taxonomy":"post_tag","embeddable":true,"href":"https:\/\/letempsmag.ma\/index.php?rest_route=%2Fwp%2Fv2%2Ftags&post=13787"}],"curies":[{"name":"wp","href":"https:\/\/api.w.org\/{rel}","templated":true}]}}