{"id":13753,"date":"2022-04-04T11:47:46","date_gmt":"2022-04-04T10:47:46","guid":{"rendered":"https:\/\/letempsmag.ma\/?p=13753"},"modified":"2022-04-04T11:47:48","modified_gmt":"2022-04-04T10:47:48","slug":"un-projet-de-loi-relatif-a-la-profession-de-guide-de-tourisme-approuve-en-conseil-de-gouvernement","status":"publish","type":"post","link":"https:\/\/letempsmag.ma\/?p=13753","title":{"rendered":"Un projet de loi relatif \u00e0 la profession de guide de tourisme approuv\u00e9 en Conseil de gouvernement"},"content":{"rendered":"\n<p>Sous la pr\u00e9sidence du Chef du gouvernement, Aziz Akhannouch, le Conseil de gouvernement, r\u00e9uni jeudi dernier, a approuv\u00e9 le projet de loi \u00ab19-22\u00bb pr\u00e9sent\u00e9 par la Ministre du Tourisme, de l&#8217;Artisanat et de l&#8217;\u00c9conomie sociale et solidaire, Fatim-Zahra Ammor, modifiant la loi \u00ab05-12\u00bb. Il s\u2019agit d\u2019un projet relatif \u00e0 l\u2019organisation de la profession de guide de tourisme, dans le cadre de poursuite de la r\u00e9forme r\u00e9glementaire li\u00e9e \u00e0 ce m\u00e9tier.<\/p>\n\n\n\n<p>Lors d&#8217;un point de presse \u00e0 l&#8217;issue du Conseil de gouvernement, Mustapha Baitas, Ministre d\u00e9l\u00e9gu\u00e9 charg\u00e9 des Relations avec le Parlement et Porte-parole du gouvernement, a indiqu\u00e9 que ce projet de loi intervient en application des hautes orientations Royales visant la cr\u00e9ation d\u2019opportunit\u00e9s d\u2019emploi pour les jeunes et l\u2019int\u00e9gration des personnes op\u00e9rant dans le secteur informel.<\/p>\n\n\n\n<p>Le projet a pour objectif de permettre la prolongation, jusqu&#8217;au 7 mars 2024, de la p\u00e9riode transitoire pour r\u00e9gulariser la situation des personnes disposant de comp\u00e9tences de terrain sans l&#8217;exigence de formation de deux ans \u00e0 huit ans, pr\u00e9vue par la loi, afin que l&#8217;Administration puisse organiser l&#8217;examen professionnel dans les meilleures conditions, tout en tenant compte des enjeux li\u00e9s \u00e0 la profession et \u00e0 la reprise progressive de l&#8217;activit\u00e9 touristique dans le Royaume. Mustapha Baitas a indiqu\u00e9 aussi que l\u2019\u00e9ch\u00e9ance pr\u00e9c\u00e9dente du 7 mars 2022 a \u00e9t\u00e9 prolong\u00e9e par la loi \u00ab93.18\u00bb, modifiant la loi \u00ab05.12\u00bb, de deux \u00e0 six ans, sauf que la crise sanitaire et ses cons\u00e9quences sur le secteur du tourisme en g\u00e9n\u00e9ral et la profession de guides touristiques en particulier ont emp\u00each\u00e9 la mise en place des conditions propices \u00e0 l&#8217;organisation de l&#8217;op\u00e9ration de r\u00e9gularisation de la situation des personnes concern\u00e9es.<\/p>\n\n\n\n<p>Le Porte-parole du gouvernement a \u00e9galement indiqu\u00e9 que le D\u00e9partement minist\u00e9riel de tutelle avait pr\u00e9alablement organis\u00e9 un examen professionnel, au cours de la premi\u00e8re p\u00e9riode transitoire de deux ans, expir\u00e9e le 7 mars 2018, et qui a permis la d\u00e9livrance de 1.108 accr\u00e9ditations pour l\u2019exercice de la profession de guide touristique en faveur de 905 guides des villes et zones touristiques et de 203 guides dans les espaces naturels. (Photo&nbsp;: Aujourd\u2019hui Le Maroc).<\/p>\n\n\n\n<p><strong>L. F.<\/strong><\/p>\n","protected":false},"excerpt":{"rendered":"<p>Sous la pr\u00e9sidence du Chef du gouvernement, Aziz Akhannouch, le Conseil de gouvernement, r\u00e9uni jeudi dernier, a approuv\u00e9 le projet de loi \u00ab19-22\u00bb pr\u00e9sent\u00e9 par la Ministre du Tourisme, de l&#8217;Artisanat et de l&#8217;\u00c9conomie sociale et solidaire, Fatim-Zahra Ammor, modifiant la loi \u00ab05-12\u00bb. Il s\u2019agit d\u2019un projet relatif \u00e0 l\u2019organisation de la profession de guide &hellip;<\/p>\n","protected":false},"author":2,"featured_media":13754,"comment_status":"open","ping_status":"closed","sticky":false,"template":"","format":"standard","meta":{"footnotes":""},"categories":[27],"tags":[],"class_list":["post-13753","post","type-post","status-publish","format-standard","has-post-thumbnail","hentry","category-tourisme"],"_links":{"self":[{"href":"https:\/\/letempsmag.ma\/index.php?rest_route=\/wp\/v2\/posts\/13753","targetHints":{"allow":["GET"]}}],"collection":[{"href":"https:\/\/letempsmag.ma\/index.php?rest_route=\/wp\/v2\/posts"}],"about":[{"href":"https:\/\/letempsmag.ma\/index.php?rest_route=\/wp\/v2\/types\/post"}],"author":[{"embeddable":true,"href":"https:\/\/letempsmag.ma\/index.php?rest_route=\/wp\/v2\/users\/2"}],"replies":[{"embeddable":true,"href":"https:\/\/letempsmag.ma\/index.php?rest_route=%2Fwp%2Fv2%2Fcomments&post=13753"}],"version-history":[{"count":1,"href":"https:\/\/letempsmag.ma\/index.php?rest_route=\/wp\/v2\/posts\/13753\/revisions"}],"predecessor-version":[{"id":13755,"href":"https:\/\/letempsmag.ma\/index.php?rest_route=\/wp\/v2\/posts\/13753\/revisions\/13755"}],"wp:featuredmedia":[{"embeddable":true,"href":"https:\/\/letempsmag.ma\/index.php?rest_route=\/wp\/v2\/media\/13754"}],"wp:attachment":[{"href":"https:\/\/letempsmag.ma\/index.php?rest_route=%2Fwp%2Fv2%2Fmedia&parent=13753"}],"wp:term":[{"taxonomy":"category","embeddable":true,"href":"https:\/\/letempsmag.ma\/index.php?rest_route=%2Fwp%2Fv2%2Fcategories&post=13753"},{"taxonomy":"post_tag","embeddable":true,"href":"https:\/\/letempsmag.ma\/index.php?rest_route=%2Fwp%2Fv2%2Ftags&post=13753"}],"curies":[{"name":"wp","href":"https:\/\/api.w.org\/{rel}","templated":true}]}}