{"id":13750,"date":"2022-04-04T11:47:06","date_gmt":"2022-04-04T10:47:06","guid":{"rendered":"https:\/\/letempsmag.ma\/?p=13750"},"modified":"2022-04-04T11:47:08","modified_gmt":"2022-04-04T10:47:08","slug":"clap-de-fin-du-31eme-rallye-aicha-des-gazelles","status":"publish","type":"post","link":"https:\/\/letempsmag.ma\/?p=13750","title":{"rendered":"Clap de fin du 31\u00e8me Rallye A\u00efcha des Gazelles"},"content":{"rendered":"\n<p>Samedi dernier, la derni\u00e8re \u00e9tape de la 31<sup>\u00e8me<\/sup> \u00e9dition du Rallye A\u00efcha des Gazelles s\u2019est achev\u00e9e \u00e0 Essaouira, dans une ambiance festive et conviviale, avec un d\u00e9fil\u00e9 des \u00e9quipages participants, des diff\u00e9rents partenaires et des \u00e9quipes des organisateurs de cette manifestation d\u2019envergure, dont le d\u00e9part a \u00e9t\u00e9 donn\u00e9 le 18 mars \u00e0 Nice (France) avant d\u2019arriver \u00e0 Erfoud.<\/p>\n\n\n\n<p>Un accueil tr\u00e8s chaleureux a \u00e9t\u00e9 r\u00e9serv\u00e9 sur la plage de la Cit\u00e9 des Aliz\u00e9s aux 195 \u00e9quipages repr\u00e9sentant 12 nationalit\u00e9s, dont des concurrentes marocaines qui comptent dans leur rang l&#8217;ancienne championne olympique et ancienne Ministre de la jeunesse et du Sport, Nawal El Moutawakil.<\/p>\n\n\n\n<p>\u00c0 cette occasion, la prestigieuse \u00e9quipe de voltige a\u00e9rienne \u00abMarche Verte\u00bb des Forces Royales Air a gratifi\u00e9 les habitants et les visiteurs d&#8217;Essaouira, venus nombreux assister \u00e0 l\u2019arriv\u00e9e de ce Rallye, d\u2019un show a\u00e9rien \u00e9poustouflant.<\/p>\n\n\n\n<p>Une c\u00e9r\u00e9monie de remise de troph\u00e9es aux \u00e9quipages vainqueurs dans les diff\u00e9rentes cat\u00e9gories (E-Gazelles, SSV &amp; Quads, Crossovers et 4&#215;4 &amp; Camions) a \u00e9t\u00e9 organis\u00e9e en pr\u00e9sence de nombreuses personnalit\u00e9s&nbsp;: Prince Albert II de Monaco; Andr\u00e9 Azoulay, Conseiller de S.M. le Roi Mohammed VI et Pr\u00e9sident fondateur de l\u2019Association Essaouira-Mogador; Christine Lagarde, Directrice G\u00e9n\u00e9rale de la Banque Centrale Europ\u00e9enne; Nadia Fettah Alaoui, Ministre de l\u2019\u00c9conomie et des Finances; Fatima-Zahra Ammor, Ministre du Tourisme, de l\u2019Artisanat et de l\u2019\u00c9conomie sociale et solidaire; Adil El Maliki, Gouverneur de la province d\u2019Essaouira; Adel El Fakir, Directeur G\u00e9n\u00e9ral de l\u2019Office National Marocain du Tourisme; Tarik Ottmani, Pr\u00e9sident du Conseil de la Commune d\u2019Essaouira, ainsi que d\u2019autres personnalit\u00e9s et des repr\u00e9sentants des autorit\u00e9s locales.<\/p>\n\n\n\n<p>Rappelons que le Rallye A\u00efcha des Gazelles du Maroc est le seul Rallye-Raid au monde \u00e0 s\u2019inscrire dans une d\u00e9marche environnementale et citoyenne, ayant obtenu la certification \u00e0 la norme \u00abISO 14001 en 2010\u00bb. (Photo&nbsp;: menara.ma)<\/p>\n\n\n\n<p><strong>L. F.<\/strong><\/p>\n","protected":false},"excerpt":{"rendered":"<p>Samedi dernier, la derni\u00e8re \u00e9tape de la 31\u00e8me \u00e9dition du Rallye A\u00efcha des Gazelles s\u2019est achev\u00e9e \u00e0 Essaouira, dans une ambiance festive et conviviale, avec un d\u00e9fil\u00e9 des \u00e9quipages participants, des diff\u00e9rents partenaires et des \u00e9quipes des organisateurs de cette manifestation d\u2019envergure, dont le d\u00e9part a \u00e9t\u00e9 donn\u00e9 le 18 mars \u00e0 Nice (France) avant &hellip;<\/p>\n","protected":false},"author":2,"featured_media":13751,"comment_status":"open","ping_status":"closed","sticky":false,"template":"","format":"standard","meta":{"footnotes":""},"categories":[642],"tags":[],"class_list":["post-13750","post","type-post","status-publish","format-standard","has-post-thumbnail","hentry","category-sport-automobile"],"_links":{"self":[{"href":"https:\/\/letempsmag.ma\/index.php?rest_route=\/wp\/v2\/posts\/13750","targetHints":{"allow":["GET"]}}],"collection":[{"href":"https:\/\/letempsmag.ma\/index.php?rest_route=\/wp\/v2\/posts"}],"about":[{"href":"https:\/\/letempsmag.ma\/index.php?rest_route=\/wp\/v2\/types\/post"}],"author":[{"embeddable":true,"href":"https:\/\/letempsmag.ma\/index.php?rest_route=\/wp\/v2\/users\/2"}],"replies":[{"embeddable":true,"href":"https:\/\/letempsmag.ma\/index.php?rest_route=%2Fwp%2Fv2%2Fcomments&post=13750"}],"version-history":[{"count":1,"href":"https:\/\/letempsmag.ma\/index.php?rest_route=\/wp\/v2\/posts\/13750\/revisions"}],"predecessor-version":[{"id":13752,"href":"https:\/\/letempsmag.ma\/index.php?rest_route=\/wp\/v2\/posts\/13750\/revisions\/13752"}],"wp:featuredmedia":[{"embeddable":true,"href":"https:\/\/letempsmag.ma\/index.php?rest_route=\/wp\/v2\/media\/13751"}],"wp:attachment":[{"href":"https:\/\/letempsmag.ma\/index.php?rest_route=%2Fwp%2Fv2%2Fmedia&parent=13750"}],"wp:term":[{"taxonomy":"category","embeddable":true,"href":"https:\/\/letempsmag.ma\/index.php?rest_route=%2Fwp%2Fv2%2Fcategories&post=13750"},{"taxonomy":"post_tag","embeddable":true,"href":"https:\/\/letempsmag.ma\/index.php?rest_route=%2Fwp%2Fv2%2Ftags&post=13750"}],"curies":[{"name":"wp","href":"https:\/\/api.w.org\/{rel}","templated":true}]}}