{"id":13623,"date":"2022-03-30T09:30:43","date_gmt":"2022-03-30T08:30:43","guid":{"rendered":"https:\/\/letempsmag.ma\/?p=13623"},"modified":"2022-03-30T09:30:44","modified_gmt":"2022-03-30T08:30:44","slug":"la-cgem-assure-le-secretariat-general-de-la-nouvelle-alliance-des-patronats-francophones","status":"publish","type":"post","link":"https:\/\/letempsmag.ma\/?p=13623","title":{"rendered":"La CGEM assure le Secr\u00e9tariat G\u00e9n\u00e9ral de la nouvelle Alliance des Patronats Francophones"},"content":{"rendered":"\n<p>Chakib Alj, Pr\u00e9sident de la Conf\u00e9d\u00e9ration G\u00e9n\u00e9rale des Entreprises du Maroc (CGEM), a \u00e9t\u00e9 \u00e9lu Secr\u00e9taire G\u00e9n\u00e9ral et membre du Bureau Ex\u00e9cutif de l\u2019Alliance des Patronats Francophones (APF), dont la c\u00e9r\u00e9monie officielle de l\u2019accord qui l\u2019institue a \u00e9t\u00e9 organis\u00e9e hier mardi \u00e0 Tunis. C\u2019est Mehdi Tazi, Vice-Pr\u00e9sident de la CGEM, qui a repr\u00e9sent\u00e9 la Conf\u00e9d\u00e9ration \u00e0 cette c\u00e9r\u00e9monie en proc\u00e9dant \u00e0 la signature officielle des statuts portant cr\u00e9ation de cette Alliance avec les Pr\u00e9sidents des Patronats de 25 pays.<\/p>\n\n\n\n<p>L\u2019APF, dont la pr\u00e9sidence a \u00e9t\u00e9 confi\u00e9e pour un mandat de deux ans au Mouvement des Entreprises de France (MEDEF), a pour objectif d\u2019acc\u00e9l\u00e9rer les flux d\u2019affaires entre les entreprises priv\u00e9es. Sa premi\u00e8re r\u00e9union officielle a permis de lancer sept groupes th\u00e9matiques de travail, dont celui de la Facilitation des Investissements et Co-Investissements, pr\u00e9sid\u00e9 conjointement par la CGEM et le Groupement des Entreprises de Madagascar.<\/p>\n\n\n\n<p>L\u2019Alliance porte le dessein de b\u00e2tir une francophonie \u00e9conomique concr\u00e8te autour des entreprises. Pr\u00e9sidant la c\u00e9r\u00e9monie inaugurale, la Cheffe du gouvernement tunisien, Najla Bouden, a soulign\u00e9 \u00abla pertinence de la d\u00e9marche visant \u00e0 donner corps \u00e0 une francophonie \u00e9conomique plus agissante, dont les contours ont \u00e9t\u00e9 esquiss\u00e9s lors de la derni\u00e8re rencontre des entrepreneurs francophones \u00e0 Paris, en ao\u00fbt 2021\u00bb.<\/p>\n\n\n\n<p>Pour sa part, le Pr\u00e9sident du MEDEF, Geoffroy Roux de B\u00e9zieux, a affirm\u00e9 que sept mois apr\u00e8s la premi\u00e8re rencontre \u00e0 Paris des entrepreneurs francophones, \u00abon pourrait dire que nos promesses commencent \u00e0 se concr\u00e9tiser avec la signature de l&#8217;accord de Tunis\u00bb.<\/p>\n\n\n\n<p>L\u2019APF, dont la prochaine r\u00e9union est pr\u00e9vue \u00e0 Abidjan (C\u00f4te d\u2019Ivoire) en octobre prochain, sera dot\u00e9e d&#8217;une organisation permanente et aura pour mission d&#8217;acc\u00e9l\u00e9rer les flux d&#8217;affaires entre les entreprises francophones. Elle veillera aussi \u00e0 coordonner l&#8217;action francophone des organisations professionnelles les plus repr\u00e9sentatives de chacun des pays membres, d&#8217;\u00e9tablir des diagnostics partag\u00e9s et d&#8217;\u00eatre une force de proposition. (Photo&nbsp;: www.fnh.ma).<\/p>\n\n\n\n<p><strong>L. F.<\/strong><\/p>\n","protected":false},"excerpt":{"rendered":"<p>Chakib Alj, Pr\u00e9sident de la Conf\u00e9d\u00e9ration G\u00e9n\u00e9rale des Entreprises du Maroc (CGEM), a \u00e9t\u00e9 \u00e9lu Secr\u00e9taire G\u00e9n\u00e9ral et membre du Bureau Ex\u00e9cutif de l\u2019Alliance des Patronats Francophones (APF), dont la c\u00e9r\u00e9monie officielle de l\u2019accord qui l\u2019institue a \u00e9t\u00e9 organis\u00e9e hier mardi \u00e0 Tunis. C\u2019est Mehdi Tazi, Vice-Pr\u00e9sident de la CGEM, qui a repr\u00e9sent\u00e9 la Conf\u00e9d\u00e9ration &hellip;<\/p>\n","protected":false},"author":2,"featured_media":13624,"comment_status":"open","ping_status":"closed","sticky":false,"template":"","format":"standard","meta":{"footnotes":""},"categories":[201],"tags":[],"class_list":["post-13623","post","type-post","status-publish","format-standard","has-post-thumbnail","hentry","category-affaires"],"_links":{"self":[{"href":"https:\/\/letempsmag.ma\/index.php?rest_route=\/wp\/v2\/posts\/13623","targetHints":{"allow":["GET"]}}],"collection":[{"href":"https:\/\/letempsmag.ma\/index.php?rest_route=\/wp\/v2\/posts"}],"about":[{"href":"https:\/\/letempsmag.ma\/index.php?rest_route=\/wp\/v2\/types\/post"}],"author":[{"embeddable":true,"href":"https:\/\/letempsmag.ma\/index.php?rest_route=\/wp\/v2\/users\/2"}],"replies":[{"embeddable":true,"href":"https:\/\/letempsmag.ma\/index.php?rest_route=%2Fwp%2Fv2%2Fcomments&post=13623"}],"version-history":[{"count":1,"href":"https:\/\/letempsmag.ma\/index.php?rest_route=\/wp\/v2\/posts\/13623\/revisions"}],"predecessor-version":[{"id":13625,"href":"https:\/\/letempsmag.ma\/index.php?rest_route=\/wp\/v2\/posts\/13623\/revisions\/13625"}],"wp:featuredmedia":[{"embeddable":true,"href":"https:\/\/letempsmag.ma\/index.php?rest_route=\/wp\/v2\/media\/13624"}],"wp:attachment":[{"href":"https:\/\/letempsmag.ma\/index.php?rest_route=%2Fwp%2Fv2%2Fmedia&parent=13623"}],"wp:term":[{"taxonomy":"category","embeddable":true,"href":"https:\/\/letempsmag.ma\/index.php?rest_route=%2Fwp%2Fv2%2Fcategories&post=13623"},{"taxonomy":"post_tag","embeddable":true,"href":"https:\/\/letempsmag.ma\/index.php?rest_route=%2Fwp%2Fv2%2Ftags&post=13623"}],"curies":[{"name":"wp","href":"https:\/\/api.w.org\/{rel}","templated":true}]}}