{"id":13430,"date":"2022-03-22T06:52:12","date_gmt":"2022-03-22T05:52:12","guid":{"rendered":"https:\/\/letempsmag.ma\/?p=13430"},"modified":"2022-03-22T06:52:14","modified_gmt":"2022-03-22T05:52:14","slug":"luniversite-mohammed-vi-polytechnique-et-liav-hassan-ii-lancent-lincubateur-agri-food-tech","status":"publish","type":"post","link":"https:\/\/letempsmag.ma\/?p=13430","title":{"rendered":"L\u2019Universit\u00e9 Mohammed VI Polytechnique et l\u2019IAV Hassan II lancent l&#8217;incubateur \u00abAgri-Food Tech\u00bb"},"content":{"rendered":"\n<p>L&#8217;Universit\u00e9 Mohammed VI Polytechnique (UM6P) et l&#8217;Institut Agronomique et V\u00e9t\u00e9rinaire Hassan II (IAV) ont annonc\u00e9 r\u00e9cemment le lancement de l&#8217;incubateur \u00abAgri-Food Tech\u00bb, une structure d&#8217;accompagnement des start-ups du secteur agricole et agroalimentaire au Maroc. La cr\u00e9ation de cet incubateur s&#8217;inscrit dans la vision nationale d&#8217;un d\u00e9veloppement agricole inclusif, durable et ax\u00e9 sur l&#8217;innovation, telle que formul\u00e9e dans la nouvelle strat\u00e9gie \u00abG\u00e9n\u00e9ration Green 2020-2030\u00bb, indique un communiqu\u00e9 de l\u2019UM6P.<\/p>\n\n\n\n<p>Implant\u00e9 sur les deux campus de l\u2019Universit\u00e9, \u00e0 Bengu\u00e9rir et Rabat, l&#8217;incubateur \u00abAgri-Food Tech\u00bb a pour mission de faire progresser l&#8217;agriculture et l&#8217;agroalimentaire au Maroc en aidant les jeunes porteurs d&#8217;id\u00e9es innovantes et \u00e0 fort potentiel \u00e0 cr\u00e9er des start-ups et \u00e0 les transformer en entreprises durables et comp\u00e9titives. Ces entrepreneurs se verront offrir l\u2019opportunit\u00e9 de pr\u00e9senter leur projet \u00e0 un ensemble d\u2019investisseurs, d\u2019entreprises et d\u2019agriculteurs susceptibles d\u2019investir ou de collaborer avec eux. Les installations et les laboratoires de l\u2019UM6P et de l\u2019IAV Hassan II seront mis \u00e0 leur disposition pour y d\u00e9velopper leurs travaux.<\/p>\n\n\n\n<p>Rappelons que l&#8217;UM6P met la recherche, l&#8217;innovation et l&#8217;entrepreneuriat au service du d\u00e9veloppement durable du Maroc et du continent africain, et ce, en pr\u00e9parant ses \u00e9tudiants et chercheurs \u00e0 jouer un r\u00f4le de premier plan dans la r\u00e9solution des grands d\u00e9fis auxquels les Africains sont confront\u00e9s. Quant \u00e0 l\u2019IAV Hassan II, il est leader national et continental en mati\u00e8re d&#8217;enseignement sup\u00e9rieur et de formation des cadres. C\u2019est un centre polytechnique de formation, de recherche et de d\u00e9veloppement dans de multiples domaines du secteur agricole, notamment l&#8217;agronomie, l&#8217;horticulture, la m\u00e9decine v\u00e9t\u00e9rinaire, la topographie, le g\u00e9nie rural et l&#8217;industrie agroalimentaire.<\/p>\n\n\n\n<p><strong>L. F.<\/strong><\/p>\n","protected":false},"excerpt":{"rendered":"<p>L&#8217;Universit\u00e9 Mohammed VI Polytechnique (UM6P) et l&#8217;Institut Agronomique et V\u00e9t\u00e9rinaire Hassan II (IAV) ont annonc\u00e9 r\u00e9cemment le lancement de l&#8217;incubateur \u00abAgri-Food Tech\u00bb, une structure d&#8217;accompagnement des start-ups du secteur agricole et agroalimentaire au Maroc. La cr\u00e9ation de cet incubateur s&#8217;inscrit dans la vision nationale d&#8217;un d\u00e9veloppement agricole inclusif, durable et ax\u00e9 sur l&#8217;innovation, telle que &hellip;<\/p>\n","protected":false},"author":2,"featured_media":13431,"comment_status":"open","ping_status":"closed","sticky":false,"template":"","format":"standard","meta":{"footnotes":""},"categories":[145],"tags":[],"class_list":["post-13430","post","type-post","status-publish","format-standard","has-post-thumbnail","hentry","category-recherche"],"_links":{"self":[{"href":"https:\/\/letempsmag.ma\/index.php?rest_route=\/wp\/v2\/posts\/13430","targetHints":{"allow":["GET"]}}],"collection":[{"href":"https:\/\/letempsmag.ma\/index.php?rest_route=\/wp\/v2\/posts"}],"about":[{"href":"https:\/\/letempsmag.ma\/index.php?rest_route=\/wp\/v2\/types\/post"}],"author":[{"embeddable":true,"href":"https:\/\/letempsmag.ma\/index.php?rest_route=\/wp\/v2\/users\/2"}],"replies":[{"embeddable":true,"href":"https:\/\/letempsmag.ma\/index.php?rest_route=%2Fwp%2Fv2%2Fcomments&post=13430"}],"version-history":[{"count":1,"href":"https:\/\/letempsmag.ma\/index.php?rest_route=\/wp\/v2\/posts\/13430\/revisions"}],"predecessor-version":[{"id":13432,"href":"https:\/\/letempsmag.ma\/index.php?rest_route=\/wp\/v2\/posts\/13430\/revisions\/13432"}],"wp:featuredmedia":[{"embeddable":true,"href":"https:\/\/letempsmag.ma\/index.php?rest_route=\/wp\/v2\/media\/13431"}],"wp:attachment":[{"href":"https:\/\/letempsmag.ma\/index.php?rest_route=%2Fwp%2Fv2%2Fmedia&parent=13430"}],"wp:term":[{"taxonomy":"category","embeddable":true,"href":"https:\/\/letempsmag.ma\/index.php?rest_route=%2Fwp%2Fv2%2Fcategories&post=13430"},{"taxonomy":"post_tag","embeddable":true,"href":"https:\/\/letempsmag.ma\/index.php?rest_route=%2Fwp%2Fv2%2Ftags&post=13430"}],"curies":[{"name":"wp","href":"https:\/\/api.w.org\/{rel}","templated":true}]}}