{"id":13278,"date":"2022-03-15T09:01:53","date_gmt":"2022-03-15T08:01:53","guid":{"rendered":"https:\/\/letempsmag.ma\/?p=13278"},"modified":"2022-03-15T09:01:54","modified_gmt":"2022-03-15T08:01:54","slug":"visite-au-maroc-du-khalife-general-de-la-tariqa-tijaniya-au-nigeria","status":"publish","type":"post","link":"https:\/\/letempsmag.ma\/?p=13278","title":{"rendered":"Visite au Maroc du Khalife G\u00e9n\u00e9ral de la Tariqa Tijaniya au Nigeria"},"content":{"rendered":"\n<p>Le Khalife G\u00e9n\u00e9ral de la confr\u00e9rie Tariqa Tijaniya au Nigeria, Sanusi Lamido Sanusi, effectue une visite au Maroc, dans le cadre du renforcement des relations maroco-nig\u00e9rianes. Dans une d\u00e9claration \u00e0 \u00abM24\u00bb, la cha\u00eene d\u2019information en continu de la MAP, l\u2019homme de culte, arriv\u00e9 samedi dernier \u00e0 Rabat, a indiqu\u00e9 que sa visite a pour objectif de renforcer les relations, raffermir l\u2019entente et consolider les liens spirituels entre le Maroc et le Nigeria, rappelant que la Tariqa de Cheikh Sidi Ahmed Tijani a vu le jour au Maroc \u00e0 l\u2019\u00e8re du Sultan Moulay Soulayman avant de se r\u00e9pandre dans d\u2019autres pays africains. Il a aussi soulign\u00e9 l\u2019importance que rev\u00eat sa visite \u00e0 la ville spirituelle de F\u00e8s qui abrite le mausol\u00e9e de Cheikh Sidi Ahmed Tijani, saluant la volont\u00e9 r\u00e9solue du Maroc et son ambition, sous la conduite de S.M. le Roi Mohammed VI, d\u2019\u00abunifier les rangs des Musulmans\u00bb.<\/p>\n\n\n\n<p>L\u2019Ambassadeur du Nigeria au Maroc, Bachir Ibrahim Salah El Husseini, a d\u00e9clar\u00e9 pour sa part que la Tariqa Tijaniya, qui figure parmi les plus grandes et les plus s\u00e9culaires confr\u00e9ries soufies en Afrique, compte d\u2019innombrables adeptes au Nigeria et sur le continent en g\u00e9n\u00e9ral. \u00abLe Maroc et le Nigeria entretiennent des relations historiques, \u00e9conomiques, politiques et religieuses\u00bb, a-t-il soulign\u00e9 dans une d\u00e9claration \u00e0 la MAP.<\/p>\n\n\n\n<p>Dans le cadre de son d\u00e9placement au Maroc, le Khalife G\u00e9n\u00e9ral de la Tariqa Tijaniya au Nigeria visitera notamment l\u2019Institut Mohammed VI de Formation des Imams, Mourchidines et Mourchidates, le Secr\u00e9tariat G\u00e9n\u00e9ral du Conseil Sup\u00e9rieur des Oul\u00e9mas ainsi que des monuments historiques \u00e0 F\u00e8s. Il se rendra \u00e9galement \u00e0 la Fondation Mohammed VI pour l\u2019Edition du Saint-Coran et \u00e0 l\u2019Imprimerie F\u00e9dala.<\/p>\n\n\n\n<p><strong>C. A.<\/strong><\/p>\n","protected":false},"excerpt":{"rendered":"<p>Le Khalife G\u00e9n\u00e9ral de la confr\u00e9rie Tariqa Tijaniya au Nigeria, Sanusi Lamido Sanusi, effectue une visite au Maroc, dans le cadre du renforcement des relations maroco-nig\u00e9rianes. Dans une d\u00e9claration \u00e0 \u00abM24\u00bb, la cha\u00eene d\u2019information en continu de la MAP, l\u2019homme de culte, arriv\u00e9 samedi dernier \u00e0 Rabat, a indiqu\u00e9 que sa visite a pour objectif &hellip;<\/p>\n","protected":false},"author":2,"featured_media":13279,"comment_status":"open","ping_status":"closed","sticky":false,"template":"","format":"standard","meta":{"footnotes":""},"categories":[257],"tags":[],"class_list":["post-13278","post","type-post","status-publish","format-standard","has-post-thumbnail","hentry","category-culte"],"_links":{"self":[{"href":"https:\/\/letempsmag.ma\/index.php?rest_route=\/wp\/v2\/posts\/13278","targetHints":{"allow":["GET"]}}],"collection":[{"href":"https:\/\/letempsmag.ma\/index.php?rest_route=\/wp\/v2\/posts"}],"about":[{"href":"https:\/\/letempsmag.ma\/index.php?rest_route=\/wp\/v2\/types\/post"}],"author":[{"embeddable":true,"href":"https:\/\/letempsmag.ma\/index.php?rest_route=\/wp\/v2\/users\/2"}],"replies":[{"embeddable":true,"href":"https:\/\/letempsmag.ma\/index.php?rest_route=%2Fwp%2Fv2%2Fcomments&post=13278"}],"version-history":[{"count":1,"href":"https:\/\/letempsmag.ma\/index.php?rest_route=\/wp\/v2\/posts\/13278\/revisions"}],"predecessor-version":[{"id":13280,"href":"https:\/\/letempsmag.ma\/index.php?rest_route=\/wp\/v2\/posts\/13278\/revisions\/13280"}],"wp:featuredmedia":[{"embeddable":true,"href":"https:\/\/letempsmag.ma\/index.php?rest_route=\/wp\/v2\/media\/13279"}],"wp:attachment":[{"href":"https:\/\/letempsmag.ma\/index.php?rest_route=%2Fwp%2Fv2%2Fmedia&parent=13278"}],"wp:term":[{"taxonomy":"category","embeddable":true,"href":"https:\/\/letempsmag.ma\/index.php?rest_route=%2Fwp%2Fv2%2Fcategories&post=13278"},{"taxonomy":"post_tag","embeddable":true,"href":"https:\/\/letempsmag.ma\/index.php?rest_route=%2Fwp%2Fv2%2Ftags&post=13278"}],"curies":[{"name":"wp","href":"https:\/\/api.w.org\/{rel}","templated":true}]}}