{"id":13135,"date":"2022-03-10T10:36:09","date_gmt":"2022-03-10T09:36:09","guid":{"rendered":"https:\/\/letempsmag.ma\/?p=13135"},"modified":"2022-03-10T10:36:10","modified_gmt":"2022-03-10T09:36:10","slug":"pour-le-chef-de-lonu-la-pandemie-du-covid-19-est-loin-detre-terminee","status":"publish","type":"post","link":"https:\/\/letempsmag.ma\/?p=13135","title":{"rendered":"Pour le Chef de l&#8217;ONU, la pand\u00e9mie du \u00abCovid-19\u00bb est loin d&#8217;\u00eatre termin\u00e9e\u00a0!"},"content":{"rendered":"\n<p>Le Secr\u00e9taire G\u00e9n\u00e9ral des Nations-Unies, Antonio Guterres, a qualifi\u00e9 d\u2019\u00aberreur grave\u00bb le fait de penser que la pand\u00e9mie du \u00abCovid-19\u00bb est termin\u00e9e, au moment o\u00f9 l\u2019acc\u00e8s aux vaccins demeure \u00abin\u00e9gal\u00bb.<\/p>\n\n\n\n<p>Le Chef de l\u2019ONU rappelle que \u00abLa distribution des vaccins reste scandaleusement in\u00e9gale. Les fabricants produisent 1,5 milliard de doses par mois, mais pr\u00e8s de trois milliards de personnes attendent toujours leur premi\u00e8re dose\u00bb, a-t-il d\u00e9plor\u00e9 dans un message publi\u00e9 hier mercredi pour marquer le deuxi\u00e8me anniversaire du d\u00e9clenchement de la pand\u00e9mie.<\/p>\n\n\n\n<p>Pour Antonio Guterres, \u00abcet \u00e9chec est le r\u00e9sultat direct de d\u00e9cisions politiques et budg\u00e9taires qui donnent la priorit\u00e9 \u00e0 la sant\u00e9 des habitants des pays riches par rapport \u00e0 la sant\u00e9 des habitants des pays pauvres\u00bb, soulignant que \u00abNotre monde ne peut pas se permettre une reprise \u00e0 deux niveaux apr\u00e8s le Covid-19\u00bb. Le haut responsable a insist\u00e9 sur la n\u00e9cessit\u00e9 d\u2019atteindre l\u2019objectif de vacciner 70% de personnes dans tous les pays d&#8217;ici au milieu de l&#8217;ann\u00e9e en cours. Il a toutefois relev\u00e9 que gr\u00e2ce \u00e0 des mesures de sant\u00e9 publique sans pr\u00e9c\u00e9dent, au d\u00e9veloppement et au d\u00e9ploiement \u00abextraordinairement rapides\u00bb de vaccins, de nombreuses r\u00e9gions du monde parviennent \u00e0 ma\u00eetriser la pand\u00e9mie. \u00abLa science et la solidarit\u00e9 se sont r\u00e9v\u00e9l\u00e9es \u00eatre une combinaison imbattable. Nous devons nous consacrer \u00e0 nouveau \u00e0 mettre fin \u00e0 cette pand\u00e9mie pour tous les peuples et tous les pays et \u00e0 clore ce triste chapitre de l&#8217;histoire de l&#8217;humanit\u00e9, une fois pour toutes\u00bb, a-t-il plaid\u00e9.<\/p>\n\n\n\n<p>Selon les donn\u00e9es les plus r\u00e9centes de l&#8217;Universit\u00e9 am\u00e9ricaine Johns Hopkins, le nombre de morts li\u00e9s \u00e0 la pand\u00e9mie de coronavirus dans le monde a d\u00e9pass\u00e9 la barre des 6 millions, lundi dernier. La disparit\u00e9 dans l&#8217;acc\u00e8s aux vaccins continue de persister \u00e0 travers le monde. Seulement 6,95% de la population des pays \u00e0 faible revenu sont enti\u00e8rement vaccin\u00e9es contre plus de 73% dans les pays \u00e0 revenu \u00e9lev\u00e9&nbsp;! \u00abAu cours des derniers mois, nous avons constat\u00e9 des niveaux sans pr\u00e9c\u00e9dent de transmission de maladies \u00e0 travers le monde en raison de la variante \u00abOmicron\u00bb. Pourtant, un acc\u00e8s in\u00e9gal aux vaccins, aux tests aux traitements s\u00e9vissent, prolongeant la pand\u00e9mie\u00bb, rappelle un communiqu\u00e9 du Fonds Mon\u00e9taire Internationale, de la Banque Mondiale et de l&#8217;Organisation Mondiale du Commerce, publi\u00e9 au terme de consultations avec l&#8217;UNICEF, les m\u00e9canismes GAVI et l&#8217;Alliance du Vaccin, avec les patrons des principaux producteurs de vaccins dans le monde. Selon la m\u00eame source, 23 pays n&#8217;ont pas encore compl\u00e8tement vaccin\u00e9 10% de leur population, 73 pays n&#8217;ont pas encore atteint une couverture de 40% et beaucoup d&#8217;autres pays manqueront l&#8217;objectif de 70% d&#8217;ici au milieu de 2022.<\/p>\n\n\n\n<p><strong>L. F.<\/strong><\/p>\n","protected":false},"excerpt":{"rendered":"<p>Le Secr\u00e9taire G\u00e9n\u00e9ral des Nations-Unies, Antonio Guterres, a qualifi\u00e9 d\u2019\u00aberreur grave\u00bb le fait de penser que la pand\u00e9mie du \u00abCovid-19\u00bb est termin\u00e9e, au moment o\u00f9 l\u2019acc\u00e8s aux vaccins demeure \u00abin\u00e9gal\u00bb. Le Chef de l\u2019ONU rappelle que \u00abLa distribution des vaccins reste scandaleusement in\u00e9gale. Les fabricants produisent 1,5 milliard de doses par mois, mais pr\u00e8s de &hellip;<\/p>\n","protected":false},"author":2,"featured_media":13136,"comment_status":"open","ping_status":"closed","sticky":false,"template":"","format":"standard","meta":{"footnotes":""},"categories":[303],"tags":[],"class_list":["post-13135","post","type-post","status-publish","format-standard","has-post-thumbnail","hentry","category-crise-sanitaire"],"_links":{"self":[{"href":"https:\/\/letempsmag.ma\/index.php?rest_route=\/wp\/v2\/posts\/13135","targetHints":{"allow":["GET"]}}],"collection":[{"href":"https:\/\/letempsmag.ma\/index.php?rest_route=\/wp\/v2\/posts"}],"about":[{"href":"https:\/\/letempsmag.ma\/index.php?rest_route=\/wp\/v2\/types\/post"}],"author":[{"embeddable":true,"href":"https:\/\/letempsmag.ma\/index.php?rest_route=\/wp\/v2\/users\/2"}],"replies":[{"embeddable":true,"href":"https:\/\/letempsmag.ma\/index.php?rest_route=%2Fwp%2Fv2%2Fcomments&post=13135"}],"version-history":[{"count":1,"href":"https:\/\/letempsmag.ma\/index.php?rest_route=\/wp\/v2\/posts\/13135\/revisions"}],"predecessor-version":[{"id":13137,"href":"https:\/\/letempsmag.ma\/index.php?rest_route=\/wp\/v2\/posts\/13135\/revisions\/13137"}],"wp:featuredmedia":[{"embeddable":true,"href":"https:\/\/letempsmag.ma\/index.php?rest_route=\/wp\/v2\/media\/13136"}],"wp:attachment":[{"href":"https:\/\/letempsmag.ma\/index.php?rest_route=%2Fwp%2Fv2%2Fmedia&parent=13135"}],"wp:term":[{"taxonomy":"category","embeddable":true,"href":"https:\/\/letempsmag.ma\/index.php?rest_route=%2Fwp%2Fv2%2Fcategories&post=13135"},{"taxonomy":"post_tag","embeddable":true,"href":"https:\/\/letempsmag.ma\/index.php?rest_route=%2Fwp%2Fv2%2Ftags&post=13135"}],"curies":[{"name":"wp","href":"https:\/\/api.w.org\/{rel}","templated":true}]}}