{"id":13132,"date":"2022-03-10T10:35:27","date_gmt":"2022-03-10T09:35:27","guid":{"rendered":"https:\/\/letempsmag.ma\/?p=13132"},"modified":"2022-03-10T10:35:29","modified_gmt":"2022-03-10T09:35:29","slug":"pour-andre-azoulay-la-chaire-universitaire-sur-le-droit-hebraique-au-maroc-fera-date","status":"publish","type":"post","link":"https:\/\/letempsmag.ma\/?p=13132","title":{"rendered":"Pour Andr\u00e9 Azoulay, la Chaire Universitaire sur le Droit H\u00e9bra\u00efque au Maroc fera date\u00a0!"},"content":{"rendered":"\n<p>\u00abAvec la cr\u00e9ation de la Chaire sur le Droit H\u00e9bra\u00efque au Maroc, Essaouira a inscrit \u00e0 son actif une autre premi\u00e8re qui incarne d\u00e9sormais et avec \u00e9clat la centralit\u00e9 de la diversit\u00e9 au plus haut niveau de nos cursus universitaires\u00bb. C\u2019est ce qu\u2019a d\u00e9clar\u00e9, hier mercredi, Andr\u00e9 Azoulay, Conseiller du Souverain et Pr\u00e9sident Fondateur de l\u2019Association Essaouira-Mogador. S\u2019exprimant \u00e0 Bayt Dakira, le haut responsable a retrac\u00e9 le chemin parcouru depuis le lancement, il y a pr\u00e8s de deux ans, toujours \u00e0 Essaouira, des curriculums scolaires \u00abrevus et corrig\u00e9s pour enseigner \u00e0 nos enfants la richesse, la profondeur et la l\u00e9gitimit\u00e9 de toutes les civilisations qui, au fil des mill\u00e9naires, ont nourri et d\u00e9termin\u00e9 la singularit\u00e9 de notre soci\u00e9t\u00e9\u00bb.<\/p>\n\n\n\n<p>Dans cette perspective, Andr\u00e9 Azoulay a mis en relief \u00abla coh\u00e9rence et la continuit\u00e9 qui signent cet engagement exemplaire et donnent sa pleine signification au message pionnier de S.M. le Roi Mohammed VI au Sommet de l\u2019UNESCO, r\u00e9uni \u00e0 New York en 2019; un message visionnaire et qui, d\u00e9j\u00e0, soulignait la primaut\u00e9 de l\u2019\u00e9ducation pour gagner la bataille de la modernit\u00e9 et pour apporter la seule r\u00e9ponse qui vaille aux d\u00e9fis de l\u2019extr\u00e9misme et des r\u00e9gressions mortif\u00e8res auxquels est trop souvent confront\u00e9e la communaut\u00e9 des nations\u00bb.<\/p>\n\n\n\n<p>Le Conseiller de S.M. le Roi a salu\u00e9 dans ce contexte \u00able volontarisme embl\u00e9matique de la prestigieuse Universit\u00e9 Mohammed V de Rabat qui, en partenariat avec le Centre de recherches sur le Droit H\u00e9bra\u00efque de Bayt Dakira, la Fondation Konrad Adenauer et l\u2019Association Essaouira-Mogador, a choisi de porter sur les fronts baptismaux une Chaire qui fera date dans l\u2019Histoire\u00bb. Et de rappeler qu\u2019\u00abAu Maroc, comme ailleurs, aujourd\u2019hui comme hier, le Droit encadre, organise et r\u00e9gule la vie et le progr\u00e8s de nos soci\u00e9t\u00e9s\u00bb, a indiqu\u00e9 Andr\u00e9 Azoulay en rendant hommage \u00e0 \u00abl\u2019impressionnant coll\u00e8ge acad\u00e9mique et p\u00e9dagogique qui s\u2019est mobilis\u00e9 avec conviction et militantisme pour donner ses meilleures chances de succ\u00e8s, de cr\u00e9dibilit\u00e9 et de rigueur \u00e0 cette Chaire, dont la naissance a \u00e9t\u00e9 salu\u00e9e avec enthousiasme par la communaut\u00e9 scientifique tout autour du Maroc\u00bb.<\/p>\n","protected":false},"excerpt":{"rendered":"<p>\u00abAvec la cr\u00e9ation de la Chaire sur le Droit H\u00e9bra\u00efque au Maroc, Essaouira a inscrit \u00e0 son actif une autre premi\u00e8re qui incarne d\u00e9sormais et avec \u00e9clat la centralit\u00e9 de la diversit\u00e9 au plus haut niveau de nos cursus universitaires\u00bb. C\u2019est ce qu\u2019a d\u00e9clar\u00e9, hier mercredi, Andr\u00e9 Azoulay, Conseiller du Souverain et Pr\u00e9sident Fondateur de &hellip;<\/p>\n","protected":false},"author":2,"featured_media":13133,"comment_status":"open","ping_status":"closed","sticky":false,"template":"","format":"standard","meta":{"footnotes":""},"categories":[56],"tags":[],"class_list":["post-13132","post","type-post","status-publish","format-standard","has-post-thumbnail","hentry","category-patrimoine"],"_links":{"self":[{"href":"https:\/\/letempsmag.ma\/index.php?rest_route=\/wp\/v2\/posts\/13132","targetHints":{"allow":["GET"]}}],"collection":[{"href":"https:\/\/letempsmag.ma\/index.php?rest_route=\/wp\/v2\/posts"}],"about":[{"href":"https:\/\/letempsmag.ma\/index.php?rest_route=\/wp\/v2\/types\/post"}],"author":[{"embeddable":true,"href":"https:\/\/letempsmag.ma\/index.php?rest_route=\/wp\/v2\/users\/2"}],"replies":[{"embeddable":true,"href":"https:\/\/letempsmag.ma\/index.php?rest_route=%2Fwp%2Fv2%2Fcomments&post=13132"}],"version-history":[{"count":1,"href":"https:\/\/letempsmag.ma\/index.php?rest_route=\/wp\/v2\/posts\/13132\/revisions"}],"predecessor-version":[{"id":13134,"href":"https:\/\/letempsmag.ma\/index.php?rest_route=\/wp\/v2\/posts\/13132\/revisions\/13134"}],"wp:featuredmedia":[{"embeddable":true,"href":"https:\/\/letempsmag.ma\/index.php?rest_route=\/wp\/v2\/media\/13133"}],"wp:attachment":[{"href":"https:\/\/letempsmag.ma\/index.php?rest_route=%2Fwp%2Fv2%2Fmedia&parent=13132"}],"wp:term":[{"taxonomy":"category","embeddable":true,"href":"https:\/\/letempsmag.ma\/index.php?rest_route=%2Fwp%2Fv2%2Fcategories&post=13132"},{"taxonomy":"post_tag","embeddable":true,"href":"https:\/\/letempsmag.ma\/index.php?rest_route=%2Fwp%2Fv2%2Ftags&post=13132"}],"curies":[{"name":"wp","href":"https:\/\/api.w.org\/{rel}","templated":true}]}}