{"id":13129,"date":"2022-03-10T10:34:45","date_gmt":"2022-03-10T09:34:45","guid":{"rendered":"https:\/\/letempsmag.ma\/?p=13129"},"modified":"2022-03-10T10:34:47","modified_gmt":"2022-03-10T09:34:47","slug":"marocotel-enfin-de-retour","status":"publish","type":"post","link":"https:\/\/letempsmag.ma\/?p=13129","title":{"rendered":"\u00abMarocotel\u00bb enfin de retour\u00a0!"},"content":{"rendered":"\n<p>Sous le haut patronage de S.M. le Roi Mohammed VI, \u00abMarocotel\u00bb, le Salon international de l&#8217;\u00e9quipement professionnel pour l\u2019h\u00f4tellerie, la restauration, les m\u00e9tiers de bouche, le bien-\u00eatre et les loisirs, aura lieu du 16 au 20 mars prochain au Parc d\u2019Expositions Mohammed VI, \u00e0 El Jadida, sur 30.000 m2 d\u2019exposition. Cette 17<sup>\u00e8me<\/sup> \u00e9dition de \u00abMarocotel\u00bb sera plac\u00e9e sous l\u2019\u00e9gide du minist\u00e8re du Tourisme, de l\u2019Artisanat et de l\u2019\u00c9conomie sociale et solidaire, avec le soutien de la Maison de l\u2019Artisan et en partenariat avec les principales f\u00e9d\u00e9rations professionnelles du secteur, indiquent les organisateurs dans un communiqu\u00e9.<\/p>\n\n\n\n<p>\u00c9dition apr\u00e8s \u00e9dition, durant ses 34 ans d\u2019existence, \u00abMarocotel\u00bb a confirm\u00e9 sa position d\u2019\u00e9v\u00e9nement r\u00e9f\u00e9rence sur le continent africain pour l\u2019ensemble des acteurs des m\u00e9tiers de l\u2019h\u00f4tellerie, du tourisme, de la restauration, des m\u00e9tiers de bouche, du bien-\u00eatre et des loisirs, en favorisant les synergies entre les diff\u00e9rents d\u00e9cideurs et acteurs \u00e9conomiques et en jouant un r\u00f4le de promoteur sectoriel, d\u2019acc\u00e9l\u00e9rateur de business, de vecteur d\u2019attractivit\u00e9 d\u2019investissement et de v\u00e9ritable levier pour la relance \u00e9conomique du secteur touristique, ajoute la m\u00eame source.<\/p>\n\n\n\n<p>L\u2019\u00e9dition 2022 de \u00abMarocotel\u00bb propose aux professionnels une offre d\u2019\u00e9quipement compl\u00e8te, diversifi\u00e9e et de qualit\u00e9, pr\u00e9par\u00e9e sp\u00e9cialement pour l\u2019occasion afin d\u2019am\u00e9liorer la performance de leurs \u00e9tablissements ou d\u2019anticiper leurs d\u00e9marches de d\u00e9veloppement.<\/p>\n\n\n\n<p>Durant les 5 jours de l\u2019\u00e9v\u00e9nement, de nombreux \u00e9changes et des rencontres auront lieu. Les organisateurs pr\u00e9voient pour cette \u00e9dition de la relance et du renouveau. On attend plus de 25.000 visiteurs professionnels d\u00e9cisionnaires d\u2019envergure nationale et internationale, 300 exposants nationaux et internationaux parmi les acteurs majeurs d\u2019un march\u00e9 concurrentiel et en pleine \u00e9volution, ainsi qu\u2019une digitalisation du Salon avec la mise en place d\u2019une plateforme de rencontre num\u00e9rique qui permettra l\u2019interactivit\u00e9 entre exposants et visiteurs, ainsi qu\u2019une pr\u00e9sence effective sur les principaux r\u00e9seaux sociaux. (Photo&nbsp;: Article19.ma)<\/p>\n\n\n\n<p><strong>L. F.<\/strong><\/p>\n","protected":false},"excerpt":{"rendered":"<p>Sous le haut patronage de S.M. le Roi Mohammed VI, \u00abMarocotel\u00bb, le Salon international de l&#8217;\u00e9quipement professionnel pour l\u2019h\u00f4tellerie, la restauration, les m\u00e9tiers de bouche, le bien-\u00eatre et les loisirs, aura lieu du 16 au 20 mars prochain au Parc d\u2019Expositions Mohammed VI, \u00e0 El Jadida, sur 30.000 m2 d\u2019exposition. Cette 17\u00e8me \u00e9dition de \u00abMarocotel\u00bb &hellip;<\/p>\n","protected":false},"author":2,"featured_media":13130,"comment_status":"open","ping_status":"closed","sticky":false,"template":"","format":"standard","meta":{"footnotes":""},"categories":[60],"tags":[],"class_list":["post-13129","post","type-post","status-publish","format-standard","has-post-thumbnail","hentry","category-salon"],"_links":{"self":[{"href":"https:\/\/letempsmag.ma\/index.php?rest_route=\/wp\/v2\/posts\/13129","targetHints":{"allow":["GET"]}}],"collection":[{"href":"https:\/\/letempsmag.ma\/index.php?rest_route=\/wp\/v2\/posts"}],"about":[{"href":"https:\/\/letempsmag.ma\/index.php?rest_route=\/wp\/v2\/types\/post"}],"author":[{"embeddable":true,"href":"https:\/\/letempsmag.ma\/index.php?rest_route=\/wp\/v2\/users\/2"}],"replies":[{"embeddable":true,"href":"https:\/\/letempsmag.ma\/index.php?rest_route=%2Fwp%2Fv2%2Fcomments&post=13129"}],"version-history":[{"count":1,"href":"https:\/\/letempsmag.ma\/index.php?rest_route=\/wp\/v2\/posts\/13129\/revisions"}],"predecessor-version":[{"id":13131,"href":"https:\/\/letempsmag.ma\/index.php?rest_route=\/wp\/v2\/posts\/13129\/revisions\/13131"}],"wp:featuredmedia":[{"embeddable":true,"href":"https:\/\/letempsmag.ma\/index.php?rest_route=\/wp\/v2\/media\/13130"}],"wp:attachment":[{"href":"https:\/\/letempsmag.ma\/index.php?rest_route=%2Fwp%2Fv2%2Fmedia&parent=13129"}],"wp:term":[{"taxonomy":"category","embeddable":true,"href":"https:\/\/letempsmag.ma\/index.php?rest_route=%2Fwp%2Fv2%2Fcategories&post=13129"},{"taxonomy":"post_tag","embeddable":true,"href":"https:\/\/letempsmag.ma\/index.php?rest_route=%2Fwp%2Fv2%2Ftags&post=13129"}],"curies":[{"name":"wp","href":"https:\/\/api.w.org\/{rel}","templated":true}]}}