{"id":13121,"date":"2022-03-09T10:12:11","date_gmt":"2022-03-09T09:12:11","guid":{"rendered":"https:\/\/letempsmag.ma\/?p=13121"},"modified":"2022-03-09T10:18:11","modified_gmt":"2022-03-09T09:18:11","slug":"partenariat-entre-luniversite-mohammed-vi-polytechnique-et-lorganisation-internationale-du-travail","status":"publish","type":"post","link":"https:\/\/letempsmag.ma\/?p=13121","title":{"rendered":"Partenariat entre l\u2019Universit\u00e9 Mohammed VI Polytechnique et l\u2019Organisation Internationale du Travail"},"content":{"rendered":"\n<p>Port\u00e9e par le groupe OCP, l\u2019Universit\u00e9 Mohammed VI Polytechnique (UM6P) et l\u2019Organisation Internationale du Travail (OIT) viennent de signer un protocole d\u2019accord portant sur la recherche et les \u00e9tudes. L\u2019objectif&nbsp;: aboutir \u00e0 une meilleure compr\u00e9hension du march\u00e9 du travail et une meilleure inclusion \u00e9conomique des femmes et des hommes.<\/p>\n\n\n\n<p>Paraph\u00e9 par le pr\u00e9sident de l\u2019UM6P, Hicham El Habti, et la Directrice du Bureau de l\u2019OIT pour le Maghreb, Rania Bikhazi, l\u2019accord vise \u00e0 formaliser et renforcer la coop\u00e9ration r\u00e9gionale en mati\u00e8re de recherche et d\u2019\u00e9tudes sur le march\u00e9 du travail. L\u2019UM6P et l\u2019OIT se sont f\u00e9licit\u00e9es des excellentes relations qui les unissent et ont convenu de les renforcer davantage en mati\u00e8re de d\u00e9veloppement d\u2019analyses et de recherches sur le march\u00e9 du travail sous diff\u00e9rents angles, sur diff\u00e9rents secteurs et territoires et ciblant aussi le domaine de la recherche appliqu\u00e9e aux sciences sociales et exp\u00e9rimentales, qui sont d\u2019int\u00e9r\u00eat commun pour l\u2019UM6P et l\u2019OIT. (Photo&nbsp;: quid.ma)<\/p>\n\n\n\n<p><strong>C. A.<\/strong><\/p>\n","protected":false},"excerpt":{"rendered":"<p>Port\u00e9e par le groupe OCP, l\u2019Universit\u00e9 Mohammed VI Polytechnique (UM6P) et l\u2019Organisation Internationale du Travail (OIT) viennent de signer un protocole d\u2019accord portant sur la recherche et les \u00e9tudes. L\u2019objectif&nbsp;: aboutir \u00e0 une meilleure compr\u00e9hension du march\u00e9 du travail et une meilleure inclusion \u00e9conomique des femmes et des hommes. Paraph\u00e9 par le pr\u00e9sident de l\u2019UM6P, &hellip;<\/p>\n","protected":false},"author":2,"featured_media":13122,"comment_status":"open","ping_status":"closed","sticky":false,"template":"","format":"standard","meta":{"footnotes":""},"categories":[145],"tags":[],"class_list":["post-13121","post","type-post","status-publish","format-standard","has-post-thumbnail","hentry","category-recherche"],"_links":{"self":[{"href":"https:\/\/letempsmag.ma\/index.php?rest_route=\/wp\/v2\/posts\/13121","targetHints":{"allow":["GET"]}}],"collection":[{"href":"https:\/\/letempsmag.ma\/index.php?rest_route=\/wp\/v2\/posts"}],"about":[{"href":"https:\/\/letempsmag.ma\/index.php?rest_route=\/wp\/v2\/types\/post"}],"author":[{"embeddable":true,"href":"https:\/\/letempsmag.ma\/index.php?rest_route=\/wp\/v2\/users\/2"}],"replies":[{"embeddable":true,"href":"https:\/\/letempsmag.ma\/index.php?rest_route=%2Fwp%2Fv2%2Fcomments&post=13121"}],"version-history":[{"count":1,"href":"https:\/\/letempsmag.ma\/index.php?rest_route=\/wp\/v2\/posts\/13121\/revisions"}],"predecessor-version":[{"id":13123,"href":"https:\/\/letempsmag.ma\/index.php?rest_route=\/wp\/v2\/posts\/13121\/revisions\/13123"}],"wp:featuredmedia":[{"embeddable":true,"href":"https:\/\/letempsmag.ma\/index.php?rest_route=\/wp\/v2\/media\/13122"}],"wp:attachment":[{"href":"https:\/\/letempsmag.ma\/index.php?rest_route=%2Fwp%2Fv2%2Fmedia&parent=13121"}],"wp:term":[{"taxonomy":"category","embeddable":true,"href":"https:\/\/letempsmag.ma\/index.php?rest_route=%2Fwp%2Fv2%2Fcategories&post=13121"},{"taxonomy":"post_tag","embeddable":true,"href":"https:\/\/letempsmag.ma\/index.php?rest_route=%2Fwp%2Fv2%2Ftags&post=13121"}],"curies":[{"name":"wp","href":"https:\/\/api.w.org\/{rel}","templated":true}]}}