{"id":13110,"date":"2022-03-09T10:11:54","date_gmt":"2022-03-09T09:11:54","guid":{"rendered":"https:\/\/letempsmag.ma\/?p=13110"},"modified":"2022-03-09T10:11:55","modified_gmt":"2022-03-09T09:11:55","slug":"29-cooperatives-feminines-laureates-du-prix-national-lalla-al-moutaaouina","status":"publish","type":"post","link":"https:\/\/letempsmag.ma\/?p=13110","title":{"rendered":"29 coop\u00e9ratives f\u00e9minines laur\u00e9ates du Prix national \u00abLalla Al Mouta\u00e2ouina\u00bb"},"content":{"rendered":"\n<p>\u00c0 l\u2019occasion de la Journ\u00e9e Internationale de la Femme, Fatim-Zahra Ammor, Ministre du Tourisme, de l&#8217;Artisanat et de l&#8217;\u00c9conomie sociale et solidaire a pr\u00e9sid\u00e9, hier 8 mars, une c\u00e9r\u00e9monie de remise de Prix aux meilleures coop\u00e9ratives f\u00e9minines s\u00e9lectionn\u00e9es dans le cadre de la 3<sup>\u00e8me<\/sup> \u00e9dition du Prix national \u00abLalla Al Mouta\u00e2ouina\u00bb. Ce Prix annuel, organis\u00e9 cette ann\u00e9e sous le th\u00e8me \u00abPour des dirigeantes de coop\u00e9ratives leaders\u00bb, permet de primer les meilleures id\u00e9es de projets coop\u00e9ratifs f\u00e9minins.<\/p>\n\n\n\n<p>L\u2019\u00e9v\u00e9nement s&#8217;inscrit dans le sillage des efforts d\u00e9ploy\u00e9s conjointement par le minist\u00e8re et l\u2019Office du D\u00e9veloppement de la Coop\u00e9ration, en partenariat avec les secteurs public et priv\u00e9, afin de renforcer l\u2019int\u00e9gration de l\u2019approche genre \u00e0 travers la promotion et le soutien d\u2019entreprises coop\u00e9ratives f\u00e9minines. L\u2019objectif&nbsp;: promouvoir le r\u00f4le des coop\u00e9ratives f\u00e9minines en tant qu&#8217;entreprises sociales contribuant par l\u2019excellence \u00e0 l&#8217;autonomisation \u00e9conomique des femmes, mais aussi encourager ces derni\u00e8res \u00e0 l&#8217;innovation sociale afin qu\u2019elles am\u00e9liorent leurs conditions \u00e9conomiques, sociales et \u00e9ducatives.<\/p>\n\n\n\n<p>Parmi les 506 id\u00e9es de projets qui ont \u00e9t\u00e9 pr\u00e9sent\u00e9es par des coop\u00e9ratives f\u00e9minines \u00e0 la suite d\u2019un appel \u00e0 manifestation d&#8217;int\u00e9r\u00eat lanc\u00e9 par l\u2019Office du D\u00e9veloppement de la Coop\u00e9ration, 29 coop\u00e9ratives ont r\u00e9ussi \u00e0 se distinguer \u00e0 travers des projets innovants et porteurs. Les coop\u00e9ratives prim\u00e9es, tr\u00e8s actives dans diff\u00e9rentes r\u00e9gions du Royaume, op\u00e8rent notamment dans les secteurs de l\u2019artisanat, l\u2019agriculture, les denr\u00e9es alimentaires, l\u2019argan, le recyclage des d\u00e9chets, le tourisme et les \u00e9nergies renouvelables.<\/p>\n\n\n\n<p>Ont contribu\u00e9 au financement de ces Prix de nombreux acteurs des secteurs public et priv\u00e9, ainsi que plusieurs partenaires de poids, parmi lesquels la Fondation OCP, le Cr\u00e9dit Agricole du Maroc, Attijariwafa Bank, Bank Of Africa, Cosumar, Vivo Energy, Atlas Bottling Company, Oxfam Maroc, la Fondation TMSA, le Conseil R\u00e9gional de Guelmim Oued Noun, la coop\u00e9rative agricole Copag, l&#8217;ambassade de Belgique.<\/p>\n\n\n\n<p>La Ministre a d\u00e9clar\u00e9 que, durant les cinq derni\u00e8res ann\u00e9es qui avaient suivi la promulgation de la loi \u00ab112-12\u00bb relative aux coop\u00e9ratives, 4.000 structures ont \u00e9t\u00e9 cr\u00e9\u00e9es, soit une moyenne annuelle de 800 coop\u00e9ratives. La Ministre a \u00e9galement pr\u00e9cis\u00e9 que l\u2019\u00e9dition 2022 de \u00abLalla Al Mouta\u00e2ouina\u00bb a \u00e9t\u00e9 fortement caract\u00e9ris\u00e9e par l\u2019investissement dans le capital humain f\u00e9minin des coop\u00e9ratives.<\/p>\n\n\n\n<p><strong>M. E.<\/strong><\/p>\n","protected":false},"excerpt":{"rendered":"<p>\u00c0 l\u2019occasion de la Journ\u00e9e Internationale de la Femme, Fatim-Zahra Ammor, Ministre du Tourisme, de l&#8217;Artisanat et de l&#8217;\u00c9conomie sociale et solidaire a pr\u00e9sid\u00e9, hier 8 mars, une c\u00e9r\u00e9monie de remise de Prix aux meilleures coop\u00e9ratives f\u00e9minines s\u00e9lectionn\u00e9es dans le cadre de la 3\u00e8me \u00e9dition du Prix national \u00abLalla Al Mouta\u00e2ouina\u00bb. Ce Prix annuel, organis\u00e9 &hellip;<\/p>\n","protected":false},"author":2,"featured_media":13111,"comment_status":"open","ping_status":"closed","sticky":false,"template":"","format":"standard","meta":{"footnotes":""},"categories":[564],"tags":[],"class_list":["post-13110","post","type-post","status-publish","format-standard","has-post-thumbnail","hentry","category-economie-sociale"],"_links":{"self":[{"href":"https:\/\/letempsmag.ma\/index.php?rest_route=\/wp\/v2\/posts\/13110","targetHints":{"allow":["GET"]}}],"collection":[{"href":"https:\/\/letempsmag.ma\/index.php?rest_route=\/wp\/v2\/posts"}],"about":[{"href":"https:\/\/letempsmag.ma\/index.php?rest_route=\/wp\/v2\/types\/post"}],"author":[{"embeddable":true,"href":"https:\/\/letempsmag.ma\/index.php?rest_route=\/wp\/v2\/users\/2"}],"replies":[{"embeddable":true,"href":"https:\/\/letempsmag.ma\/index.php?rest_route=%2Fwp%2Fv2%2Fcomments&post=13110"}],"version-history":[{"count":1,"href":"https:\/\/letempsmag.ma\/index.php?rest_route=\/wp\/v2\/posts\/13110\/revisions"}],"predecessor-version":[{"id":13112,"href":"https:\/\/letempsmag.ma\/index.php?rest_route=\/wp\/v2\/posts\/13110\/revisions\/13112"}],"wp:featuredmedia":[{"embeddable":true,"href":"https:\/\/letempsmag.ma\/index.php?rest_route=\/wp\/v2\/media\/13111"}],"wp:attachment":[{"href":"https:\/\/letempsmag.ma\/index.php?rest_route=%2Fwp%2Fv2%2Fmedia&parent=13110"}],"wp:term":[{"taxonomy":"category","embeddable":true,"href":"https:\/\/letempsmag.ma\/index.php?rest_route=%2Fwp%2Fv2%2Fcategories&post=13110"},{"taxonomy":"post_tag","embeddable":true,"href":"https:\/\/letempsmag.ma\/index.php?rest_route=%2Fwp%2Fv2%2Ftags&post=13110"}],"curies":[{"name":"wp","href":"https:\/\/api.w.org\/{rel}","templated":true}]}}