{"id":13085,"date":"2022-03-08T10:18:22","date_gmt":"2022-03-08T09:18:22","guid":{"rendered":"https:\/\/letempsmag.ma\/?p=13085"},"modified":"2022-03-08T10:18:23","modified_gmt":"2022-03-08T09:18:23","slug":"52-nouveaux-cas-au-maroc-en-24-heures-et-1-161-698-cas-cumules","status":"publish","type":"post","link":"https:\/\/letempsmag.ma\/?p=13085","title":{"rendered":"52 nouveaux cas au Maroc en 24 heures et 1.161.698 cas cumul\u00e9s"},"content":{"rendered":"\n<p>Le Centre national des op\u00e9rations d&#8217;urgence de sant\u00e9 publique au minist\u00e8re de la Sant\u00e9 a annonc\u00e9, hier lundi \u00e0 16h, 52 nouveaux cas de \u00abCovid-19\u00bb, enregistr\u00e9s \u00e0 travers le Maroc, ce qui porte le bilan national cumul\u00e9 \u00e0 1.161.698 cas confirm\u00e9s depuis la premi\u00e8re infection enregistr\u00e9e le 2 mars 2020.<\/p>\n\n\n\n<p>Le minist\u00e8re signale par ailleurs que le nombre de personnes totalement r\u00e9tablies s\u2019\u00e9l\u00e8ve \u00e0 1.143.763, tandis que le nombre de d\u00e9c\u00e8s atteint 16.022.<\/p>\n\n\n\n<p>Les nouveaux cas d&#8217;infection ont \u00e9t\u00e9 recens\u00e9s dans les r\u00e9gions de Rabat-Sal\u00e9-K\u00e9nitra (23), Casablanca-Settat (11), l\u2019Oriental (6), Marrakech-Safi (3), Souss-Massa (3), Dra\u00e2-Tafilalet (2), Tanger-T\u00e9touan-Al Hoceima (2), B\u00e9ni Mellal-Kh\u00e9nifra (1) et Guelmim-Oued Noun (1).<\/p>\n\n\n\n<p>Dans son bulletin quotidien sur la situation \u00e9pid\u00e9miologique, le minist\u00e8re a en outre pr\u00e9cis\u00e9 que le nombre de primo-vaccin\u00e9s a atteint 24.759.082, celui des personnes ayant re\u00e7u deux doses s\u2019\u00e9l\u00e8ve \u00e0 23.215.134, alors que 5.860.517 personnes ont eu trois injections.<\/p>\n\n\n\n<p><strong>M. E.<\/strong><\/p>\n","protected":false},"excerpt":{"rendered":"<p>Le Centre national des op\u00e9rations d&#8217;urgence de sant\u00e9 publique au minist\u00e8re de la Sant\u00e9 a annonc\u00e9, hier lundi \u00e0 16h, 52 nouveaux cas de \u00abCovid-19\u00bb, enregistr\u00e9s \u00e0 travers le Maroc, ce qui porte le bilan national cumul\u00e9 \u00e0 1.161.698 cas confirm\u00e9s depuis la premi\u00e8re infection enregistr\u00e9e le 2 mars 2020. Le minist\u00e8re signale par ailleurs &hellip;<\/p>\n","protected":false},"author":2,"featured_media":13086,"comment_status":"open","ping_status":"closed","sticky":false,"template":"","format":"standard","meta":{"footnotes":""},"categories":[168],"tags":[],"class_list":["post-13085","post","type-post","status-publish","format-standard","has-post-thumbnail","hentry","category-pandemie-2"],"_links":{"self":[{"href":"https:\/\/letempsmag.ma\/index.php?rest_route=\/wp\/v2\/posts\/13085","targetHints":{"allow":["GET"]}}],"collection":[{"href":"https:\/\/letempsmag.ma\/index.php?rest_route=\/wp\/v2\/posts"}],"about":[{"href":"https:\/\/letempsmag.ma\/index.php?rest_route=\/wp\/v2\/types\/post"}],"author":[{"embeddable":true,"href":"https:\/\/letempsmag.ma\/index.php?rest_route=\/wp\/v2\/users\/2"}],"replies":[{"embeddable":true,"href":"https:\/\/letempsmag.ma\/index.php?rest_route=%2Fwp%2Fv2%2Fcomments&post=13085"}],"version-history":[{"count":1,"href":"https:\/\/letempsmag.ma\/index.php?rest_route=\/wp\/v2\/posts\/13085\/revisions"}],"predecessor-version":[{"id":13087,"href":"https:\/\/letempsmag.ma\/index.php?rest_route=\/wp\/v2\/posts\/13085\/revisions\/13087"}],"wp:featuredmedia":[{"embeddable":true,"href":"https:\/\/letempsmag.ma\/index.php?rest_route=\/wp\/v2\/media\/13086"}],"wp:attachment":[{"href":"https:\/\/letempsmag.ma\/index.php?rest_route=%2Fwp%2Fv2%2Fmedia&parent=13085"}],"wp:term":[{"taxonomy":"category","embeddable":true,"href":"https:\/\/letempsmag.ma\/index.php?rest_route=%2Fwp%2Fv2%2Fcategories&post=13085"},{"taxonomy":"post_tag","embeddable":true,"href":"https:\/\/letempsmag.ma\/index.php?rest_route=%2Fwp%2Fv2%2Ftags&post=13085"}],"curies":[{"name":"wp","href":"https:\/\/api.w.org\/{rel}","templated":true}]}}