{"id":13082,"date":"2022-03-08T10:17:47","date_gmt":"2022-03-08T09:17:47","guid":{"rendered":"https:\/\/letempsmag.ma\/?p=13082"},"modified":"2022-03-08T10:17:49","modified_gmt":"2022-03-08T09:17:49","slug":"le-reseau-des-technoparks-met-les-femmes-a-lhonneur-durant-tout-le-mois-de-mars","status":"publish","type":"post","link":"https:\/\/letempsmag.ma\/?p=13082","title":{"rendered":"Le r\u00e9seau des Technoparks met les femmes \u00e0 l\u2019honneur durant tout le mois de mars"},"content":{"rendered":"\n<p>\u00c0 l&#8217;occasion de la Journ\u00e9e Internationale des Droits de la Femme, le r\u00e9seau Technopark au Maroc mobilise ses ressources pour cr\u00e9er un programme interactif et riche pour tout le mois de mars.<\/p>\n\n\n\n<p>Il faut souligner d\u2019embl\u00e9e que le taux de repr\u00e9sentativit\u00e9 des femmes chefs d\u2019entreprise est de 15% au Maroc alors que la communaut\u00e9 Technopark compte 2.500 collaborateurs IT dont 40% sont des femmes. C&#8217;est un pas en avant pour le r\u00e9seau par rapport aux derni\u00e8res \u00e9ditions o\u00f9 la programmation durait environ une semaine. Cette ann\u00e9e, les efforts ont \u00e9t\u00e9 intensifi\u00e9s pour consacrer tout le mois de mars \u00e0 la c\u00e9l\u00e9bration et au soutien des femmes \u00e0 travers le Royaume.<\/p>\n\n\n\n<p>Le th\u00e8me, cette ann\u00e9e, est ax\u00e9 sur \u00abLa femme marocaine, acteur majeur du d\u00e9veloppement inclusif durable et prosp\u00e8re\u00bb Il refl\u00e8te clairement la volont\u00e9 de mettre en avant la femme, y compris la femmes rurale, ses r\u00e9alisations et le r\u00f4le r\u00e9el qu&#8217;elle joue dans la soci\u00e9t\u00e9.<\/p>\n\n\n\n<p>Plus de 40 ateliers professionnels sont pr\u00e9vus tout au long de ce mois, ainsi que des ateliers de d\u00e9veloppement personnel et une dizaine d\u2019activit\u00e9s artistiques et culturelles ouvertes \u00e0 tous les publics. Il est \u00e9galement pr\u00e9vu des ateliers sp\u00e9cialement destin\u00e9s aux femmes rurales, enti\u00e8rement en Darija, pour les familiariser avec le num\u00e9rique et tout le potentiel que cet outil offre pour d\u00e9velopper leur activit\u00e9.<\/p>\n\n\n\n<p>Un Souk solidaire sera install\u00e9 \u00e0 l&#8217;int\u00e9rieur des Technoparks. Ce concept de march\u00e9 permet d\u2019exposer des produits issus des coop\u00e9ratives f\u00e9minines et des Associations rurales, mettant en valeur le savoir-faire et la richesse du terroir marocain. Des cr\u00e9atrices en herbe talentueuses (mode, design, bijoux\u2026) font \u00e9galement partie de ce march\u00e9.<\/p>\n\n\n\n<p>Parall\u00e8lement \u00e0 ces actions destin\u00e9es \u00e0 la communaut\u00e9 du Technopark et \u00e0 la communaut\u00e9 externe, des visites d&#8217;immersion sont organis\u00e9es au profit des \u00e9tudiants et \u00e9tudiantes dans les STEM (Science, Technology, Engineering and Mathematics) afin de les sensibiliser \u00e0 l&#8217;entrepreneuriat et leur faire d\u00e9couvrir tout l&#8217;\u00e9cosyst\u00e8me entrepreneurial innovant du r\u00e9seau Technopark.<\/p>\n\n\n\n<p>Cette c\u00e9l\u00e9bration sera marqu\u00e9e par un \u00e9v\u00e9nement-phare, le 18 mars, avec une conf\u00e9rence pl\u00e9ni\u00e8re qui aura pour but de mettre en lumi\u00e8re des femmes marocaines avec des parcours d&#8217;exception dans divers domaines. Saloua Karkri Belkeziz, une des femmes entrepreneures les plus connues au Maroc, pr\u00e9sentera le 16 mars son livre \u00abLe chemin des possibles\u00bb.<\/p>\n\n\n\n<p>Soulignons que cette c\u00e9l\u00e9bration massive est organis\u00e9 en collaboration avec tout le r\u00e9seau des Technoparks au Maroc&nbsp;: Casablanca, Rabat, Tanger et Agadir, qui proposeront des activit\u00e9s diverses autour du m\u00eame th\u00e8me.<\/p>\n\n\n\n<p>Rappelons aussi que le Technopark, qui f\u00eate cette ann\u00e9e ses 20 ans, accompagne les jeunes porteurs de projets innovants dans les secteurs des nouvelles technologies, des Green Techs et des industries culturelles, ainsi que dans les nouveaux m\u00e9tiers porteurs, tant au niveau r\u00e9gional que national.<\/p>\n\n\n\n<p><strong>M. E.<\/strong><\/p>\n","protected":false},"excerpt":{"rendered":"<p>\u00c0 l&#8217;occasion de la Journ\u00e9e Internationale des Droits de la Femme, le r\u00e9seau Technopark au Maroc mobilise ses ressources pour cr\u00e9er un programme interactif et riche pour tout le mois de mars. Il faut souligner d\u2019embl\u00e9e que le taux de repr\u00e9sentativit\u00e9 des femmes chefs d\u2019entreprise est de 15% au Maroc alors que la communaut\u00e9 Technopark &hellip;<\/p>\n","protected":false},"author":2,"featured_media":13083,"comment_status":"open","ping_status":"closed","sticky":false,"template":"","format":"standard","meta":{"footnotes":""},"categories":[34],"tags":[],"class_list":["post-13082","post","type-post","status-publish","format-standard","has-post-thumbnail","hentry","category-entrepreneuriat"],"_links":{"self":[{"href":"https:\/\/letempsmag.ma\/index.php?rest_route=\/wp\/v2\/posts\/13082","targetHints":{"allow":["GET"]}}],"collection":[{"href":"https:\/\/letempsmag.ma\/index.php?rest_route=\/wp\/v2\/posts"}],"about":[{"href":"https:\/\/letempsmag.ma\/index.php?rest_route=\/wp\/v2\/types\/post"}],"author":[{"embeddable":true,"href":"https:\/\/letempsmag.ma\/index.php?rest_route=\/wp\/v2\/users\/2"}],"replies":[{"embeddable":true,"href":"https:\/\/letempsmag.ma\/index.php?rest_route=%2Fwp%2Fv2%2Fcomments&post=13082"}],"version-history":[{"count":1,"href":"https:\/\/letempsmag.ma\/index.php?rest_route=\/wp\/v2\/posts\/13082\/revisions"}],"predecessor-version":[{"id":13084,"href":"https:\/\/letempsmag.ma\/index.php?rest_route=\/wp\/v2\/posts\/13082\/revisions\/13084"}],"wp:featuredmedia":[{"embeddable":true,"href":"https:\/\/letempsmag.ma\/index.php?rest_route=\/wp\/v2\/media\/13083"}],"wp:attachment":[{"href":"https:\/\/letempsmag.ma\/index.php?rest_route=%2Fwp%2Fv2%2Fmedia&parent=13082"}],"wp:term":[{"taxonomy":"category","embeddable":true,"href":"https:\/\/letempsmag.ma\/index.php?rest_route=%2Fwp%2Fv2%2Fcategories&post=13082"},{"taxonomy":"post_tag","embeddable":true,"href":"https:\/\/letempsmag.ma\/index.php?rest_route=%2Fwp%2Fv2%2Ftags&post=13082"}],"curies":[{"name":"wp","href":"https:\/\/api.w.org\/{rel}","templated":true}]}}