{"id":13079,"date":"2022-03-08T10:17:08","date_gmt":"2022-03-08T09:17:08","guid":{"rendered":"https:\/\/letempsmag.ma\/?p=13079"},"modified":"2022-03-08T10:17:10","modified_gmt":"2022-03-08T09:17:10","slug":"lamo-et-les-armes-a-feu-au-menu-du-conseil-de-gouvernement-de-jeudi-prochain","status":"publish","type":"post","link":"https:\/\/letempsmag.ma\/?p=13079","title":{"rendered":"L\u2019AMO et les armes \u00e0 feu, au menu du Conseil de gouvernement de jeudi prochain"},"content":{"rendered":"\n<p>Trois projets de d\u00e9crets seront examin\u00e9s en Conseil de gouvernement, jeudi prochain, sous la pr\u00e9sidence du chef de l\u2019Ex\u00e9cutif, Aziz Akhannouch. L\u2019un de ces textes porte application de la loi relative au r\u00e9gime de l\u2019AMO (assurance maladie obligatoire) de base et de la loi promulgu\u00e9e instituant un r\u00e9gime de pensions pour les cat\u00e9gories des professionnels, travailleurs ind\u00e9pendants et personnes non salari\u00e9es exer\u00e7ant une activit\u00e9 lib\u00e9rale, en ce qui concerne les conducteurs ayant une carte de conducteur professionnel. Les deux autres textes sont relatifs \u00e0 la d\u00e9limitation du domaine public et au projet de d\u00e9cret relatif \u00e0 l&#8217;\u00e9largissement du cercle de comp\u00e9tence de l\u2019Office R\u00e9gional de l&#8217;Investissement Agricole de la R\u00e9gion d&#8217;Al Haouz. Les travaux du Conseil porteront aussi sur l\u2019examen d\u2019un projet de loi relatif aux armes \u00e0 feu et \u00e0 leurs pi\u00e8ces, \u00e9l\u00e9ments, accessoires et munitions. Enfin, le Conseil ach\u00e8vera ses travaux par l\u2019examen de propositions de nomination \u00e0 de hautes fonctions, conform\u00e9ment aux dispositions de l&#8217;Article 92 de la Constitution.<\/p>\n\n\n\n<p><strong>M. E.<\/strong><\/p>\n","protected":false},"excerpt":{"rendered":"<p>Trois projets de d\u00e9crets seront examin\u00e9s en Conseil de gouvernement, jeudi prochain, sous la pr\u00e9sidence du chef de l\u2019Ex\u00e9cutif, Aziz Akhannouch. L\u2019un de ces textes porte application de la loi relative au r\u00e9gime de l\u2019AMO (assurance maladie obligatoire) de base et de la loi promulgu\u00e9e instituant un r\u00e9gime de pensions pour les cat\u00e9gories des professionnels, &hellip;<\/p>\n","protected":false},"author":2,"featured_media":13080,"comment_status":"open","ping_status":"closed","sticky":false,"template":"","format":"standard","meta":{"footnotes":""},"categories":[176],"tags":[],"class_list":["post-13079","post","type-post","status-publish","format-standard","has-post-thumbnail","hentry","category-executif"],"_links":{"self":[{"href":"https:\/\/letempsmag.ma\/index.php?rest_route=\/wp\/v2\/posts\/13079","targetHints":{"allow":["GET"]}}],"collection":[{"href":"https:\/\/letempsmag.ma\/index.php?rest_route=\/wp\/v2\/posts"}],"about":[{"href":"https:\/\/letempsmag.ma\/index.php?rest_route=\/wp\/v2\/types\/post"}],"author":[{"embeddable":true,"href":"https:\/\/letempsmag.ma\/index.php?rest_route=\/wp\/v2\/users\/2"}],"replies":[{"embeddable":true,"href":"https:\/\/letempsmag.ma\/index.php?rest_route=%2Fwp%2Fv2%2Fcomments&post=13079"}],"version-history":[{"count":1,"href":"https:\/\/letempsmag.ma\/index.php?rest_route=\/wp\/v2\/posts\/13079\/revisions"}],"predecessor-version":[{"id":13081,"href":"https:\/\/letempsmag.ma\/index.php?rest_route=\/wp\/v2\/posts\/13079\/revisions\/13081"}],"wp:featuredmedia":[{"embeddable":true,"href":"https:\/\/letempsmag.ma\/index.php?rest_route=\/wp\/v2\/media\/13080"}],"wp:attachment":[{"href":"https:\/\/letempsmag.ma\/index.php?rest_route=%2Fwp%2Fv2%2Fmedia&parent=13079"}],"wp:term":[{"taxonomy":"category","embeddable":true,"href":"https:\/\/letempsmag.ma\/index.php?rest_route=%2Fwp%2Fv2%2Fcategories&post=13079"},{"taxonomy":"post_tag","embeddable":true,"href":"https:\/\/letempsmag.ma\/index.php?rest_route=%2Fwp%2Fv2%2Ftags&post=13079"}],"curies":[{"name":"wp","href":"https:\/\/api.w.org\/{rel}","templated":true}]}}