{"id":13076,"date":"2022-03-08T10:16:26","date_gmt":"2022-03-08T09:16:26","guid":{"rendered":"https:\/\/letempsmag.ma\/?p=13076"},"modified":"2022-03-08T10:16:27","modified_gmt":"2022-03-08T09:16:27","slug":"clap-de-fin-pour-le-17eme-rallye-du-corps-diplomatique-au-maroc","status":"publish","type":"post","link":"https:\/\/letempsmag.ma\/?p=13076","title":{"rendered":"Clap de fin pour le 17\u00e8me Rallye du corps diplomatique au Maroc"},"content":{"rendered":"\n<p>Le 17<sup>\u00e8me<\/sup> Rallye du corps diplomatique au Maroc a pris fin dimanche dernier apr\u00e8s trois jours de comp\u00e9tition (4 au 6 mars). La manifestation a \u00e9t\u00e9 organis\u00e9e par l&#8217;Union Automobile Club du Maroc, sous le haut patronage de S.M. le Roi Mohammed VI. Elle a r\u00e9uni des Ambassadeurs, des repr\u00e9sentants d\u2019organismes internationaux et autres diplomates. Le but&nbsp;: promouvoir les potentialit\u00e9s \u00e9conomiques, touristiques et culturelles du Royaume.<\/p>\n\n\n\n<p>Plac\u00e9 cette ann\u00e9e sous le signe de l\u2019\u00abAmiti\u00e9 maroco-pakistanaise\u00bb, ce 17<sup>\u00e8me<\/sup> Rallye a connu la participation de 42 \u00e9quipages repr\u00e9sentant notamment les \u00c9tats-Unis, la Turquie, la France, l&#8217;Allemagne, l&#8217;Italie, l\u2019Espagne, le Pakistan, la Suisse, le Canada et le Portugal. Bas\u00e9 sur la r\u00e9gularit\u00e9 et l\u2019\u00e9co-conduite responsable, l\u2019\u00e9preuve s&#8217;est d\u00e9roul\u00e9e en six \u00e9tapes sur route goudronn\u00e9e, dans le respect du Code de la route, avec d\u00e9part et arriv\u00e9e \u00e0 Rabat.<br>La manifestation a \u00e9t\u00e9 l\u2019occasion de d\u00e9couvrir l\u2019arri\u00e8re-pays des magnifiques r\u00e9gions de Rabat, Khouribga, B\u00e9ni-Mellal et particuli\u00e8rement Azilal, ainsi que le G\u00e9oparc M\u2019Goun, labellis\u00e9 par l\u2019UNESCO pour son patrimoine g\u00e9ologique exceptionnel.<\/p>\n\n\n\n<p>Durant les arr\u00eats d\u2019\u00e9tapes, des rencontres ont \u00e9t\u00e9 programm\u00e9es avec les autorit\u00e9s locales et r\u00e9gionales et des expos\u00e9s sur les potentialit\u00e9s \u00e9conomiques, touristiques et culturelles de chacune des r\u00e9gions travers\u00e9es, ainsi que les actions prioritaires rentrant dans le cadre de son d\u00e9veloppement.<\/p>\n\n\n\n<p>Cette 17<sup>\u00e8me<\/sup> \u00e9dition a \u00e9t\u00e9 remport\u00e9e par l&#8217;\u00e9quipage compos\u00e9 de l&#8217;Ambassadrice de Roumanie, Maria Ciobanu, accompagn\u00e9e d\u2019Adrian Ciobanu.<\/p>\n\n\n\n<p>L&#8217;\u00e9quipage turc compos\u00e9 d\u2019Ahmet Aydin Dogan et son \u00e9pouse Olcay Dogan, a pris la 2<sup>\u00e8me<\/sup> place tandis que le duo hollandais, qui comprenait Jeroen Roodenberg et Laura Staring, a termin\u00e9 3<sup>\u00e8me<\/sup> sur le podium.<\/p>\n\n\n\n<p>Dans la cat\u00e9gorie des diplomates, le bin\u00f4me espagnol Santiago Gomez Garcia et Del Carmen Munoz Piris est mont\u00e9 sur la plus haute marche, devant Tenbrink Shawn et Petro Tammy (\u00c9tats Unis) et Juan Conforto-Sesto et Mar Lopez-Barrena (Espagne).<\/p>\n\n\n\n<p>Fatima Laraki, Pr\u00e9sidente de l&#8217;Union Automobile Club du Maroc, a d\u00e9clar\u00e9 \u00e0 cette occasion que le Rallye national du corps diplomatique se veut une belle opportunit\u00e9 de faire conna\u00eetre les potentialit\u00e9s naturelles et la diversit\u00e9 g\u00e9ographique, culturelle et civilisationnelle des r\u00e9gions du Royaume du Maroc.<\/p>\n\n\n\n<p><strong>L. F.<\/strong><\/p>\n","protected":false},"excerpt":{"rendered":"<p>Le 17\u00e8me Rallye du corps diplomatique au Maroc a pris fin dimanche dernier apr\u00e8s trois jours de comp\u00e9tition (4 au 6 mars). La manifestation a \u00e9t\u00e9 organis\u00e9e par l&#8217;Union Automobile Club du Maroc, sous le haut patronage de S.M. le Roi Mohammed VI. Elle a r\u00e9uni des Ambassadeurs, des repr\u00e9sentants d\u2019organismes internationaux et autres diplomates. &hellip;<\/p>\n","protected":false},"author":2,"featured_media":13077,"comment_status":"open","ping_status":"closed","sticky":false,"template":"","format":"standard","meta":{"footnotes":""},"categories":[642],"tags":[],"class_list":["post-13076","post","type-post","status-publish","format-standard","has-post-thumbnail","hentry","category-sport-automobile"],"_links":{"self":[{"href":"https:\/\/letempsmag.ma\/index.php?rest_route=\/wp\/v2\/posts\/13076","targetHints":{"allow":["GET"]}}],"collection":[{"href":"https:\/\/letempsmag.ma\/index.php?rest_route=\/wp\/v2\/posts"}],"about":[{"href":"https:\/\/letempsmag.ma\/index.php?rest_route=\/wp\/v2\/types\/post"}],"author":[{"embeddable":true,"href":"https:\/\/letempsmag.ma\/index.php?rest_route=\/wp\/v2\/users\/2"}],"replies":[{"embeddable":true,"href":"https:\/\/letempsmag.ma\/index.php?rest_route=%2Fwp%2Fv2%2Fcomments&post=13076"}],"version-history":[{"count":1,"href":"https:\/\/letempsmag.ma\/index.php?rest_route=\/wp\/v2\/posts\/13076\/revisions"}],"predecessor-version":[{"id":13078,"href":"https:\/\/letempsmag.ma\/index.php?rest_route=\/wp\/v2\/posts\/13076\/revisions\/13078"}],"wp:featuredmedia":[{"embeddable":true,"href":"https:\/\/letempsmag.ma\/index.php?rest_route=\/wp\/v2\/media\/13077"}],"wp:attachment":[{"href":"https:\/\/letempsmag.ma\/index.php?rest_route=%2Fwp%2Fv2%2Fmedia&parent=13076"}],"wp:term":[{"taxonomy":"category","embeddable":true,"href":"https:\/\/letempsmag.ma\/index.php?rest_route=%2Fwp%2Fv2%2Fcategories&post=13076"},{"taxonomy":"post_tag","embeddable":true,"href":"https:\/\/letempsmag.ma\/index.php?rest_route=%2Fwp%2Fv2%2Ftags&post=13076"}],"curies":[{"name":"wp","href":"https:\/\/api.w.org\/{rel}","templated":true}]}}