{"id":13073,"date":"2022-03-08T10:15:26","date_gmt":"2022-03-08T09:15:26","guid":{"rendered":"https:\/\/letempsmag.ma\/?p=13073"},"modified":"2022-03-08T10:15:28","modified_gmt":"2022-03-08T09:15:28","slug":"lydec-consolide-la-maturite-de-son-systeme-de-management-integre","status":"publish","type":"post","link":"https:\/\/letempsmag.ma\/?p=13073","title":{"rendered":"Lydec consolide la maturit\u00e9 de son syst\u00e8me de management int\u00e9gr\u00e9"},"content":{"rendered":"\n<p>Lydec maintient son niveau d\u2019excellence et r\u00e9ussit avec succ\u00e8s l\u2019audit de suivi de l\u2019ensemble de ses certifications, notamment celle de son syst\u00e8me de management int\u00e9gr\u00e9 \u00ab Qualit\u00e9, S\u00e9curit\u00e9 et Environnement\u00bb, selon les r\u00e9f\u00e9rentiels \u00abISO 9001 V 2015\u00bb, \u00abISO 45001 V 2018\u00bb et \u00abISO 14001 V 2015\u00bb. La d\u00e9marche d\u00e9montre la performance et la qualit\u00e9 des processus de l\u2019entreprise, son orientation vers le client, son excellence op\u00e9rationnelle dans l\u2019exercice de ses quatre m\u00e9tiers (distribution de l\u2019eau, distribution de l\u2019\u00e9lectricit\u00e9, gestion de l\u2019assainissement et l\u2019\u00e9clairage public) et sa dynamique d\u2019am\u00e9lioration continue au b\u00e9n\u00e9fice de toutes ses parties prenantes.<\/p>\n\n\n\n<p>L\u2019op\u00e9rateur a \u00e9galement r\u00e9ussi le maintien de cinq autres certifications, \u00e0 savoir&nbsp;:<\/p>\n\n\n\n<p>&#8211; La certification de son syst\u00e8me de management de l\u2019\u00e9nergie (SMEn), en mati\u00e8re d\u2019\u00e9clairage public selon le r\u00e9f\u00e9rentiel \u00abISO 50001 V 2018)\u00bb.<\/p>\n\n\n\n<p>&#8211; La certification de son syst\u00e8me de management de la s\u00e9curit\u00e9 et de l\u2019information (SMSI) selon le r\u00e9f\u00e9rentiel \u00abISO 27001 V 2013\u00bb).<\/p>\n\n\n\n<p>&#8211; La certification de son syst\u00e8me de management anti-corruption (SMAC) selon le r\u00e9f\u00e9rentiel \u00abISO 37001 V 2016\u00bb.<\/p>\n\n\n\n<p>&#8211; La certification de son syst\u00e8me de management de la formation selon le r\u00e9f\u00e9rentiel \u00abISO 29993 V 2018\u00bb.<\/p>\n\n\n\n<p>\u2022 L\u2019accr\u00e9ditation du Centre technique de m\u00e9trologie pour l\u2019\u00e9talonnage des compteurs et du Laboratoire d\u2019analyse des eaux (LabelMa), selon le r\u00e9f\u00e9rentiel \u00abISO\/CEI 17025 V 2018\u00bb.<\/p>\n\n\n\n<p>Jean-Pascal Darriet, Directeur G\u00e9n\u00e9ral de Lydec, a d\u00e9clar\u00e9 \u00e0 cette occasion&nbsp;: \u00abLes r\u00e9sultats sont excellents, compte-tenu du contexte dans lequel ils s\u2019inscrivent et compte-tenu du nombre de r\u00e9f\u00e9rentiels audit\u00e9s simultan\u00e9ment. Je retiens de cet exercice les conclusions positives sur la robustesse de notre organisation, la maturit\u00e9 jug\u00e9e innovante de nos d\u00e9marches et la comp\u00e9tence et l\u2019engagement de nos \u00e9quipes\u00bb.<\/p>\n","protected":false},"excerpt":{"rendered":"<p>Lydec maintient son niveau d\u2019excellence et r\u00e9ussit avec succ\u00e8s l\u2019audit de suivi de l\u2019ensemble de ses certifications, notamment celle de son syst\u00e8me de management int\u00e9gr\u00e9 \u00ab Qualit\u00e9, S\u00e9curit\u00e9 et Environnement\u00bb, selon les r\u00e9f\u00e9rentiels \u00abISO 9001 V 2015\u00bb, \u00abISO 45001 V 2018\u00bb et \u00abISO 14001 V 2015\u00bb. La d\u00e9marche d\u00e9montre la performance et la qualit\u00e9 des &hellip;<\/p>\n","protected":false},"author":2,"featured_media":13074,"comment_status":"open","ping_status":"closed","sticky":false,"template":"","format":"standard","meta":{"footnotes":""},"categories":[548],"tags":[],"class_list":["post-13073","post","type-post","status-publish","format-standard","has-post-thumbnail","hentry","category-qualite"],"_links":{"self":[{"href":"https:\/\/letempsmag.ma\/index.php?rest_route=\/wp\/v2\/posts\/13073","targetHints":{"allow":["GET"]}}],"collection":[{"href":"https:\/\/letempsmag.ma\/index.php?rest_route=\/wp\/v2\/posts"}],"about":[{"href":"https:\/\/letempsmag.ma\/index.php?rest_route=\/wp\/v2\/types\/post"}],"author":[{"embeddable":true,"href":"https:\/\/letempsmag.ma\/index.php?rest_route=\/wp\/v2\/users\/2"}],"replies":[{"embeddable":true,"href":"https:\/\/letempsmag.ma\/index.php?rest_route=%2Fwp%2Fv2%2Fcomments&post=13073"}],"version-history":[{"count":1,"href":"https:\/\/letempsmag.ma\/index.php?rest_route=\/wp\/v2\/posts\/13073\/revisions"}],"predecessor-version":[{"id":13075,"href":"https:\/\/letempsmag.ma\/index.php?rest_route=\/wp\/v2\/posts\/13073\/revisions\/13075"}],"wp:featuredmedia":[{"embeddable":true,"href":"https:\/\/letempsmag.ma\/index.php?rest_route=\/wp\/v2\/media\/13074"}],"wp:attachment":[{"href":"https:\/\/letempsmag.ma\/index.php?rest_route=%2Fwp%2Fv2%2Fmedia&parent=13073"}],"wp:term":[{"taxonomy":"category","embeddable":true,"href":"https:\/\/letempsmag.ma\/index.php?rest_route=%2Fwp%2Fv2%2Fcategories&post=13073"},{"taxonomy":"post_tag","embeddable":true,"href":"https:\/\/letempsmag.ma\/index.php?rest_route=%2Fwp%2Fv2%2Ftags&post=13073"}],"curies":[{"name":"wp","href":"https:\/\/api.w.org\/{rel}","templated":true}]}}