{"id":13031,"date":"2022-03-07T10:48:27","date_gmt":"2022-03-07T09:48:27","guid":{"rendered":"https:\/\/letempsmag.ma\/?p=13031"},"modified":"2022-03-07T10:48:29","modified_gmt":"2022-03-07T09:48:29","slug":"le-forum-maroco-americain-dinvestissement-se-tiendra-demain-a-dakhla","status":"publish","type":"post","link":"https:\/\/letempsmag.ma\/?p=13031","title":{"rendered":"Le Forum maroco-am\u00e9ricain d&#8217;investissement se tiendra demain \u00e0 Dakhla"},"content":{"rendered":"\n<p>Le Forum d\u2019Investissement Maroc et \u00c9tats-Unis se tiendra les 8 et 9 mars courant dans la ville de Dakhla. Il a pour objectif de renforcer les liens \u00e9conomiques, promouvoir la r\u00e9gion et faire conna\u00eetre ses potentialit\u00e9s et opportunit\u00e9s d\u2019investissement aupr\u00e8s des investisseurs et op\u00e9rateurs am\u00e9ricains.<\/p>\n\n\n\n<p>En partenariat avec le minist\u00e8re de l\u2019Industrie et du Commerce, le Forum est initi\u00e9 par le Conseil de la r\u00e9gion de Dakhla-Oued Eddahab. Il vise \u00e0 consolider la coop\u00e9ration bilat\u00e9rale et \u00e0 d\u00e9velopper de nouveaux investissements directs am\u00e9ricains dans les domaines de l\u2019agriculture, du tourisme, des mines et des \u00e9nergies renouvelables, pr\u00e9cise un communiqu\u00e9 des organisateurs.<\/p>\n\n\n\n<p>Cet \u00e9v\u00e9nement \u00e0 vocation \u00e9conomique sera marqu\u00e9 par la pr\u00e9sence de nombreux hommes d\u2019affaires leaders dans les secteurs de l\u2019agroalimentaire, des \u00e9nergies renouvelables, de la finance et des technologies m\u00e9dicales. Des panels sectoriels seront \u00e9galement organis\u00e9s avec les professionnels du secteur public et semi-public, mettant l\u2019accent sur le climat des affaires de la r\u00e9gion et de ses potentialit\u00e9s de d\u00e9veloppement, dans le cadre de la strat\u00e9gie globale d\u2019investissement du Royaume. Ces panels porteront notamment sur le commerce, l\u2019industrie, le tourisme, l\u2019artisanat, les infrastructures portuaires, la logistique, l\u2019agriculture, la p\u00eache, les \u00e9nergies renouvelables, les mines\u2026 L\u2019\u00e9v\u00e9nement promet d\u2019\u00eatre particuli\u00e8rement riche en rencontres networking et de visites de projets-phares dans la r\u00e9gion.<\/p>\n\n\n\n<p><strong>L. F.<\/strong><\/p>\n","protected":false},"excerpt":{"rendered":"<p>Le Forum d\u2019Investissement Maroc et \u00c9tats-Unis se tiendra les 8 et 9 mars courant dans la ville de Dakhla. Il a pour objectif de renforcer les liens \u00e9conomiques, promouvoir la r\u00e9gion et faire conna\u00eetre ses potentialit\u00e9s et opportunit\u00e9s d\u2019investissement aupr\u00e8s des investisseurs et op\u00e9rateurs am\u00e9ricains. En partenariat avec le minist\u00e8re de l\u2019Industrie et du Commerce, &hellip;<\/p>\n","protected":false},"author":2,"featured_media":13032,"comment_status":"open","ping_status":"closed","sticky":false,"template":"","format":"standard","meta":{"footnotes":""},"categories":[203],"tags":[],"class_list":["post-13031","post","type-post","status-publish","format-standard","has-post-thumbnail","hentry","category-cooperation"],"_links":{"self":[{"href":"https:\/\/letempsmag.ma\/index.php?rest_route=\/wp\/v2\/posts\/13031","targetHints":{"allow":["GET"]}}],"collection":[{"href":"https:\/\/letempsmag.ma\/index.php?rest_route=\/wp\/v2\/posts"}],"about":[{"href":"https:\/\/letempsmag.ma\/index.php?rest_route=\/wp\/v2\/types\/post"}],"author":[{"embeddable":true,"href":"https:\/\/letempsmag.ma\/index.php?rest_route=\/wp\/v2\/users\/2"}],"replies":[{"embeddable":true,"href":"https:\/\/letempsmag.ma\/index.php?rest_route=%2Fwp%2Fv2%2Fcomments&post=13031"}],"version-history":[{"count":1,"href":"https:\/\/letempsmag.ma\/index.php?rest_route=\/wp\/v2\/posts\/13031\/revisions"}],"predecessor-version":[{"id":13033,"href":"https:\/\/letempsmag.ma\/index.php?rest_route=\/wp\/v2\/posts\/13031\/revisions\/13033"}],"wp:featuredmedia":[{"embeddable":true,"href":"https:\/\/letempsmag.ma\/index.php?rest_route=\/wp\/v2\/media\/13032"}],"wp:attachment":[{"href":"https:\/\/letempsmag.ma\/index.php?rest_route=%2Fwp%2Fv2%2Fmedia&parent=13031"}],"wp:term":[{"taxonomy":"category","embeddable":true,"href":"https:\/\/letempsmag.ma\/index.php?rest_route=%2Fwp%2Fv2%2Fcategories&post=13031"},{"taxonomy":"post_tag","embeddable":true,"href":"https:\/\/letempsmag.ma\/index.php?rest_route=%2Fwp%2Fv2%2Ftags&post=13031"}],"curies":[{"name":"wp","href":"https:\/\/api.w.org\/{rel}","templated":true}]}}