{"id":13027,"date":"2022-03-07T10:47:21","date_gmt":"2022-03-07T09:47:21","guid":{"rendered":"https:\/\/letempsmag.ma\/?p=13027"},"modified":"2022-03-07T10:47:23","modified_gmt":"2022-03-07T09:47:23","slug":"le-hcp-organise-un-grand-debat-sur-legalite-des-genres-et-le-developpement-durable","status":"publish","type":"post","link":"https:\/\/letempsmag.ma\/?p=13027","title":{"rendered":"Le HCP organise un grand d\u00e9bat sur l\u2019\u00e9galit\u00e9 des genres et le d\u00e9veloppement durable"},"content":{"rendered":"\n<p><a><\/a>Sous le haut patronage de S.M. le Roi Mohammed VI, le Haut Commissariat au Plan (HCP) c\u00e9l\u00e8brera la Journ\u00e9e Internationale des Femmes en organisant une rencontre sous le th\u00e8me \u00abL\u2019\u00e9galit\u00e9 des genres, imp\u00e9ratif du d\u00e9veloppement durable\u00bb, jeudi prochain 10 mars \u00e0 10h \u00e0 l\u2019h\u00f4tel Sofitel Jardin des Roses, \u00e0 Rabat. Cette manifestation, organis\u00e9e en partenariat avec ONU-Femmes et l\u2019Union Europ\u00e9enne, sera l\u2019occasion de pr\u00e9senter les r\u00e9sultats des travaux statistiques et \u00e9tudes r\u00e9alis\u00e9es par le HCP sur la situation de genre dans diff\u00e9rents secteurs d\u2019activit\u00e9 du Royaume. Les travaux traiteront en mode interactif des acquis et des d\u00e9fis nationaux en termes d\u2019\u00e9galit\u00e9 entre les deux sexes, \u00e0 travers une analyse \u00e9conomique de donn\u00e9es in\u00e9dites issues du syst\u00e8me de la Comptabilit\u00e9 Nationale. La manifestation devrait conna\u00eetre la participation d\u2019un grand nombre de repr\u00e9sentants des secteurs institutionnels publics et priv\u00e9s, d\u2019organisations professionnelles, de la sph\u00e8re acad\u00e9mique et de la recherche, de la soci\u00e9t\u00e9 civile ainsi que de nombreux partenaires internationaux.<\/p>\n\n\n\n<p><strong>M. E.<\/strong><\/p>\n","protected":false},"excerpt":{"rendered":"<p>Sous le haut patronage de S.M. le Roi Mohammed VI, le Haut Commissariat au Plan (HCP) c\u00e9l\u00e8brera la Journ\u00e9e Internationale des Femmes en organisant une rencontre sous le th\u00e8me \u00abL\u2019\u00e9galit\u00e9 des genres, imp\u00e9ratif du d\u00e9veloppement durable\u00bb, jeudi prochain 10 mars \u00e0 10h \u00e0 l\u2019h\u00f4tel Sofitel Jardin des Roses, \u00e0 Rabat. Cette manifestation, organis\u00e9e en partenariat &hellip;<\/p>\n","protected":false},"author":2,"featured_media":13029,"comment_status":"open","ping_status":"closed","sticky":false,"template":"","format":"standard","meta":{"footnotes":""},"categories":[638],"tags":[],"class_list":["post-13027","post","type-post","status-publish","format-standard","has-post-thumbnail","hentry","category-journee-de-la-femme"],"_links":{"self":[{"href":"https:\/\/letempsmag.ma\/index.php?rest_route=\/wp\/v2\/posts\/13027","targetHints":{"allow":["GET"]}}],"collection":[{"href":"https:\/\/letempsmag.ma\/index.php?rest_route=\/wp\/v2\/posts"}],"about":[{"href":"https:\/\/letempsmag.ma\/index.php?rest_route=\/wp\/v2\/types\/post"}],"author":[{"embeddable":true,"href":"https:\/\/letempsmag.ma\/index.php?rest_route=\/wp\/v2\/users\/2"}],"replies":[{"embeddable":true,"href":"https:\/\/letempsmag.ma\/index.php?rest_route=%2Fwp%2Fv2%2Fcomments&post=13027"}],"version-history":[{"count":1,"href":"https:\/\/letempsmag.ma\/index.php?rest_route=\/wp\/v2\/posts\/13027\/revisions"}],"predecessor-version":[{"id":13030,"href":"https:\/\/letempsmag.ma\/index.php?rest_route=\/wp\/v2\/posts\/13027\/revisions\/13030"}],"wp:featuredmedia":[{"embeddable":true,"href":"https:\/\/letempsmag.ma\/index.php?rest_route=\/wp\/v2\/media\/13029"}],"wp:attachment":[{"href":"https:\/\/letempsmag.ma\/index.php?rest_route=%2Fwp%2Fv2%2Fmedia&parent=13027"}],"wp:term":[{"taxonomy":"category","embeddable":true,"href":"https:\/\/letempsmag.ma\/index.php?rest_route=%2Fwp%2Fv2%2Fcategories&post=13027"},{"taxonomy":"post_tag","embeddable":true,"href":"https:\/\/letempsmag.ma\/index.php?rest_route=%2Fwp%2Fv2%2Ftags&post=13027"}],"curies":[{"name":"wp","href":"https:\/\/api.w.org\/{rel}","templated":true}]}}