{"id":13013,"date":"2022-03-04T10:26:28","date_gmt":"2022-03-04T09:26:28","guid":{"rendered":"https:\/\/letempsmag.ma\/?p=13013"},"modified":"2022-03-04T10:26:30","modified_gmt":"2022-03-04T09:26:30","slug":"consecration-internationale-pour-la-magistrate-marocaine-jamila-sedqi","status":"publish","type":"post","link":"https:\/\/letempsmag.ma\/?p=13013","title":{"rendered":"Cons\u00e9cration internationale pour la Magistrate marocaine Jamila Sedqi"},"content":{"rendered":"\n<p>La Magistrate marocaine Jamila Sedqi a \u00e9t\u00e9 prim\u00e9e, mercredi dernier, \u00e0 l\u2019\u00abEuropean International Women\u2019s Leadership Award 2022\u00bb. Cr\u00e9\u00e9 par le Forum International du Leadership F\u00e9minin, cette instance met en lumi\u00e8re \u00abdes femmes qui, \u00e0 un certain moment de leur vie, ont d\u00e9cid\u00e9 de suivre leur r\u00eave, de rompre avec les obligations traditionnelles autour d\u2019elles, de d\u00e9fier les domaines \u00e0 pr\u00e9dominance masculine et d\u2019agir de mani\u00e8re respectueuse, afin de donner l\u2019exemple \u00e0 toutes ces femmes qui n\u2019osent pas (encore) faire entendre leur voix et d\u00e9velopper leur potentiel\u00bb, indique un communiqu\u00e9. (Photo&nbsp;: Yabiladi).<\/p>\n\n\n\n<p>Lors de la c\u00e9r\u00e9monie de remise des Prix aux laur\u00e9ates de cette \u00e9dition, l\u2019accent a \u00e9t\u00e9 mis sur le parcours de Jamila Sedqi, qui a actuellement le grade d\u2019Avocat G\u00e9n\u00e9ral \u00e0 la Cour de Cassation du Maroc, Juge au Tribunal Administratif de l\u2019Union Africaine et Pr\u00e9sidente du Forum de Dialogue des Magistrats Africains.<\/p>\n\n\n\n<p>La Magistrate a re\u00e7u le Prix des mains de la Vice-Pr\u00e9sidente du Parlement Europ\u00e9en, Nicola Beer, et a exprim\u00e9 son honneur de repr\u00e9senter la femme marocaine, \u00ab\u00e9mancip\u00e9e, responsable et m\u00e8re de famille\u00bb. Elle a rappel\u00e9 que depuis les ann\u00e9es 1990, la situation de la femme au Maroc a engrang\u00e9 de nets progr\u00e8s, en mati\u00e8re de promotion de droits des femmes aussi bien au niveau de la r\u00e9forme du syst\u00e8me judiciaire national, en harmonie avec les conventions internationales, qu\u2019au niveau du renforcement du cadre institutionnel et de d\u00e9veloppement de politiques publiques relatives \u00e0 l\u2019\u00e9galit\u00e9 des sexes et la promotion et la protection des droits des femmes.<\/p>\n\n\n\n<p>Jamila Sedqi a expos\u00e9 les importantes r\u00e9formes politiques et constitutionnelles conduites au Maroc dans le cadre de la promotion et l\u2019int\u00e9gration de la femme marocaine, mettant tout particuli\u00e8rement en avant l\u2019\u00e9volution de la place de la femme magistrate. Elle a indiqu\u00e9 \u00e0 cet \u00e9gard que sur 4.215 magistrats, 1.048 sont aujourd\u2019hui des femmes, soit 24,87% de l\u2019ensemble des Magistrats du Royaume.<\/p>\n\n\n\n<p><strong>C. A.<\/strong><\/p>\n","protected":false},"excerpt":{"rendered":"<p>La Magistrate marocaine Jamila Sedqi a \u00e9t\u00e9 prim\u00e9e, mercredi dernier, \u00e0 l\u2019\u00abEuropean International Women\u2019s Leadership Award 2022\u00bb. Cr\u00e9\u00e9 par le Forum International du Leadership F\u00e9minin, cette instance met en lumi\u00e8re \u00abdes femmes qui, \u00e0 un certain moment de leur vie, ont d\u00e9cid\u00e9 de suivre leur r\u00eave, de rompre avec les obligations traditionnelles autour d\u2019elles, de &hellip;<\/p>\n","protected":false},"author":2,"featured_media":13014,"comment_status":"open","ping_status":"closed","sticky":false,"template":"","format":"standard","meta":{"footnotes":""},"categories":[105],"tags":[],"class_list":["post-13013","post","type-post","status-publish","format-standard","has-post-thumbnail","hentry","category-justice"],"_links":{"self":[{"href":"https:\/\/letempsmag.ma\/index.php?rest_route=\/wp\/v2\/posts\/13013","targetHints":{"allow":["GET"]}}],"collection":[{"href":"https:\/\/letempsmag.ma\/index.php?rest_route=\/wp\/v2\/posts"}],"about":[{"href":"https:\/\/letempsmag.ma\/index.php?rest_route=\/wp\/v2\/types\/post"}],"author":[{"embeddable":true,"href":"https:\/\/letempsmag.ma\/index.php?rest_route=\/wp\/v2\/users\/2"}],"replies":[{"embeddable":true,"href":"https:\/\/letempsmag.ma\/index.php?rest_route=%2Fwp%2Fv2%2Fcomments&post=13013"}],"version-history":[{"count":1,"href":"https:\/\/letempsmag.ma\/index.php?rest_route=\/wp\/v2\/posts\/13013\/revisions"}],"predecessor-version":[{"id":13015,"href":"https:\/\/letempsmag.ma\/index.php?rest_route=\/wp\/v2\/posts\/13013\/revisions\/13015"}],"wp:featuredmedia":[{"embeddable":true,"href":"https:\/\/letempsmag.ma\/index.php?rest_route=\/wp\/v2\/media\/13014"}],"wp:attachment":[{"href":"https:\/\/letempsmag.ma\/index.php?rest_route=%2Fwp%2Fv2%2Fmedia&parent=13013"}],"wp:term":[{"taxonomy":"category","embeddable":true,"href":"https:\/\/letempsmag.ma\/index.php?rest_route=%2Fwp%2Fv2%2Fcategories&post=13013"},{"taxonomy":"post_tag","embeddable":true,"href":"https:\/\/letempsmag.ma\/index.php?rest_route=%2Fwp%2Fv2%2Ftags&post=13013"}],"curies":[{"name":"wp","href":"https:\/\/api.w.org\/{rel}","templated":true}]}}