{"id":12894,"date":"2022-03-01T10:09:32","date_gmt":"2022-03-01T09:09:32","guid":{"rendered":"https:\/\/letempsmag.ma\/?p=12894"},"modified":"2022-03-01T10:09:34","modified_gmt":"2022-03-01T09:09:34","slug":"le-conseil-de-la-concurrence-emet-une-alerte-sur-les-pratiques-hors-normes","status":"publish","type":"post","link":"https:\/\/letempsmag.ma\/?p=12894","title":{"rendered":"Le Conseil de la Concurrence \u00e9met une alerte sur les pratiques hors-normes"},"content":{"rendered":"\n<p>Le Conseil de la Concurrence a diffus\u00e9 un communiqu\u00e9, hier dans la soir\u00e9e, relatif aux d\u00e9veloppements de la conjoncture actuelle. Compte tenu des fluctuations des prix de certains produits et services aux niveaux international et national, le Conseil rappelle ainsi \u00e0 tous les acteurs \u00e9conomiques, publics ou priv\u00e9s, ainsi qu\u2019aux Associations professionnelles et syndicales qui les repr\u00e9sentent, que les prix des biens, produits et services sont d\u00e9termin\u00e9s par les m\u00e9canismes de la libre concurrence, sauf dans les cas o\u00f9 la loi en dispose autrement, et ce, conform\u00e9ment \u00e0 l\u2019Article 2 de la loi \u00ab104.12\u00bb sur la libert\u00e9 des prix et la concurrence.<\/p>\n\n\n\n<p>Le Conseil de la Concurrence, pr\u00e9sid\u00e9 par Ahmed Rahhou (photo), rappelle que tous les accords, directives ou alliances explicites ou implicites, destin\u00e9s \u00e0 influencer la formation des prix soit en les augmentant ou en les baissant sont interdits, et ce, sous quelque forme que ce soit, notamment par le biais d\u2019une fixation conjointe de prix de gros ou de d\u00e9tail, d\u2019\u00e9change d\u2019informations ou de coordination concernant le niveau et la proportion de leur hausse ou de leur baisse, ou encore \u00e0 travers la d\u00e9termination du niveau de la marge b\u00e9n\u00e9ficiaire applicable, de la composition des prix, de la fixation d\u2019un prix de r\u00e9f\u00e9rence ou une structure de prix de r\u00e9f\u00e9rence unifi\u00e9s entre un groupe d\u2019acteurs, ou la pratique du stockage clandestin, \u00e0 leur initiative ou sous le contr\u00f4le de leur association professionnelle ou syndicale.<\/p>\n\n\n\n<p>Dans ce cadre, le Conseil de la Concurrence renvoie, \u00e0 toute fin utile, \u00e0 son guide pratique relatif \u00e0 l&#8217;adoption de programmes de conformit\u00e9 au sein des entreprises ou des Associations professionnelles, lequel d\u00e9taille les pratiques interdites et les moyens d&#8217;\u00e9viter les risques qui y sont associ\u00e9s, sachant que ce guide peut \u00eatre t\u00e9l\u00e9charg\u00e9 sur le site internet du Conseil de la Concurrence.<\/p>\n\n\n\n<p>Le Conseil souligne par ailleurs que le faut de commettre les actes et pratiques susmentionn\u00e9s, si elle est av\u00e9r\u00e9e et quelle que soit leur cause ou leur contexte, constitue une violation des dispositions de la loi susmentionn\u00e9e.<\/p>\n\n\n\n<p><strong>Source&nbsp;: Conseil de la Concurrence.<\/strong><\/p>\n","protected":false},"excerpt":{"rendered":"<p>Le Conseil de la Concurrence a diffus\u00e9 un communiqu\u00e9, hier dans la soir\u00e9e, relatif aux d\u00e9veloppements de la conjoncture actuelle. Compte tenu des fluctuations des prix de certains produits et services aux niveaux international et national, le Conseil rappelle ainsi \u00e0 tous les acteurs \u00e9conomiques, publics ou priv\u00e9s, ainsi qu\u2019aux Associations professionnelles et syndicales qui &hellip;<\/p>\n","protected":false},"author":2,"featured_media":12895,"comment_status":"open","ping_status":"closed","sticky":false,"template":"","format":"standard","meta":{"footnotes":""},"categories":[32],"tags":[],"class_list":["post-12894","post","type-post","status-publish","format-standard","has-post-thumbnail","hentry","category-marches"],"_links":{"self":[{"href":"https:\/\/letempsmag.ma\/index.php?rest_route=\/wp\/v2\/posts\/12894","targetHints":{"allow":["GET"]}}],"collection":[{"href":"https:\/\/letempsmag.ma\/index.php?rest_route=\/wp\/v2\/posts"}],"about":[{"href":"https:\/\/letempsmag.ma\/index.php?rest_route=\/wp\/v2\/types\/post"}],"author":[{"embeddable":true,"href":"https:\/\/letempsmag.ma\/index.php?rest_route=\/wp\/v2\/users\/2"}],"replies":[{"embeddable":true,"href":"https:\/\/letempsmag.ma\/index.php?rest_route=%2Fwp%2Fv2%2Fcomments&post=12894"}],"version-history":[{"count":1,"href":"https:\/\/letempsmag.ma\/index.php?rest_route=\/wp\/v2\/posts\/12894\/revisions"}],"predecessor-version":[{"id":12896,"href":"https:\/\/letempsmag.ma\/index.php?rest_route=\/wp\/v2\/posts\/12894\/revisions\/12896"}],"wp:featuredmedia":[{"embeddable":true,"href":"https:\/\/letempsmag.ma\/index.php?rest_route=\/wp\/v2\/media\/12895"}],"wp:attachment":[{"href":"https:\/\/letempsmag.ma\/index.php?rest_route=%2Fwp%2Fv2%2Fmedia&parent=12894"}],"wp:term":[{"taxonomy":"category","embeddable":true,"href":"https:\/\/letempsmag.ma\/index.php?rest_route=%2Fwp%2Fv2%2Fcategories&post=12894"},{"taxonomy":"post_tag","embeddable":true,"href":"https:\/\/letempsmag.ma\/index.php?rest_route=%2Fwp%2Fv2%2Ftags&post=12894"}],"curies":[{"name":"wp","href":"https:\/\/api.w.org\/{rel}","templated":true}]}}