{"id":12891,"date":"2022-03-01T10:08:44","date_gmt":"2022-03-01T09:08:44","guid":{"rendered":"https:\/\/letempsmag.ma\/?p=12891"},"modified":"2022-03-01T10:08:45","modified_gmt":"2022-03-01T09:08:45","slug":"la-delegation-interministerielle-aux-droits-de-lhomme-monte-au-creneau","status":"publish","type":"post","link":"https:\/\/letempsmag.ma\/?p=12891","title":{"rendered":"La D\u00e9l\u00e9gation Interminist\u00e9rielle aux Droits de l\u2019Homme monte au cr\u00e9neau"},"content":{"rendered":"\n<p>La D\u00e9l\u00e9gation Interminist\u00e9rielle aux Droits de l\u2019Homme (DIDH), coiff\u00e9e par Ahmed Chaouki Benyoub (photo) estime que \u00abla question du r\u00e9c\u00e9piss\u00e9 de d\u00e9claration de cr\u00e9ation des associations ne doit pas \u00eatre exploit\u00e9e dans une posture de victimisation\u00bb. Dans un communiqu\u00e9 parvenu hier lundi \u00e0 la MAP, la DIDH note que le rapport d\u2019examen sp\u00e9cial concernant la protection des droits de l\u2019Homme a \u00e9t\u00e9 formel en conc\u00e9dant qu\u2019il existe deux principaux courants, le premier r\u00e9formiste adoptant une d\u00e9marche de d\u00e9tection avec l\u2019objectif d\u2019apporter sa contribution dans le processus de r\u00e9forme en tant que partenaire, et l\u2019autre radical \u00e0 l\u2019extr\u00eame de l\u2019opposition qui critique dans le but seulement de d\u00e9noncer et de discr\u00e9diter.<\/p>\n\n\n\n<p>La m\u00eame source souligne que cette v\u00e9rit\u00e9 se v\u00e9rifie \u00e0 la lecture du communiqu\u00e9 publi\u00e9 derni\u00e8rement par l\u2019Association Marocaine des Droits de l\u2019Homme (AMDH) au sujet des r\u00e9c\u00e9piss\u00e9s et dans lequel cette derni\u00e8re s\u2019insurge contre ce qu\u2019elle appelle \u00able despotisme et ses institutions de droits de l\u2019Homme d\u00e9natur\u00e9es\u00bb et contre aussi \u00ables actes qui circonscrivent la libert\u00e9 d\u2019expression, le droit de r\u00e9union pacifique et la constitution d\u2019Association allant jusqu\u2019au bannissement et \u00e0 une interdiction claire, outre les atteintes \u00e0 la soci\u00e9t\u00e9 civile et sa r\u00e9gression sans pr\u00e9c\u00e9dent, m\u00eame aux ann\u00e9es de plomb\u00bb.<\/p>\n\n\n\n<p>\u00abIndubitablement, les auteurs de ce discours et non pas tous les grands militants de cette Association qui ont, nagu\u00e8re, fa\u00e7onn\u00e9 son histoire, ne connaissent ni les ann\u00e9es de plomb, ni les sacrifices consenties pour rompre avec cette \u00e9poque-l\u00e0, et encore moins les efforts n\u00e9cessaires pour pr\u00e9server les acquis\u00bb, d\u00e9plore-t-on de m\u00eame source. Le DIDH tient, \u00e0 ce propos, \u00e0 pr\u00e9ciser que \u00able fait de qualifier de radical ce courant pr\u00e9tendument \u00abdroit-de-l\u2019hommiste\u00bb n\u2019est en aucun cas motiv\u00e9 par une certaine hostilit\u00e9, mais c\u2019est la description fid\u00e8le d\u2019une r\u00e9alit\u00e9\u00bb, soulignant que \u00abtout compte fait, il est l\u00e9gitime de saluer que l\u2019un des acquis de notre pays est la libert\u00e9 d\u2019expression des opinions quand bien m\u00eame venant de l\u2019extr\u00eame de l\u2019opposition et dont les auteurs se doivent de prendre leurs responsabilit\u00e9s, sans victimisation aucune\u00bb.<\/p>\n\n\n\n<p>Sur toujours ce m\u00eame registre, la D\u00e9l\u00e9gation Interminist\u00e9rielle aux Droits de l\u2019Homme exprime son \u00e9tonnement quant aux propos contenus dans ledit communiqu\u00e9 et du fait qu\u2019\u00abune Association marocaine se fait la caisse de r\u00e9sonance d\u2019une ONG r\u00e9solument hostile \u00e0 notre pays et que nous appelons, par l\u00e0 m\u00eame, \u00e0 accorder son int\u00e9r\u00eat \u00e0 la r\u00e9gion qui conna\u00eet un effondrement des \u00c9tats, une d\u00e9liquescence des patrimoines civilisationnels et une violation flagrante des Droits de l\u2019homme, \u00e0 supposer bien \u00e9videmment que son statut d\u2019organisation internationale puisse l\u2019aider \u00e0 apporter une assistance urgente aux victimes des exactions\u00bb.<\/p>\n\n\n\n<p>La DIDH assure qu\u2019elle \u00abpoursuit sa mission dans le domaine de la protection, comme cela a \u00e9t\u00e9 annonc\u00e9 via son dernier communiqu\u00e9, sur sa strat\u00e9gie en la mati\u00e8re ainsi que sa contribution dans la d\u00e9tection des d\u00e9ficits r\u00e9els et juridiques, outre le lancement des alertes et la pr\u00e9sentation de propositions. \u00abEn cons\u00e9quence, et au regard et en compatibilit\u00e9 avec son r\u00f4le, la DIDH tranche au sujet des Associations d\u2019un point de vue relatif \u00e0 la politique des Droits de l\u2019Homme, en disant que cette question des r\u00e9c\u00e9piss\u00e9s ne doit pas \u00eatre exploit\u00e9e dans une posture de victimisation, ni encore \u00e0 des fins d\u2019instrumentalisation politicienne\u00bb, souligne la m\u00eame source. Le communiqu\u00e9 note aussi que \u00abla DIDH estime que l\u2019action des organisations et Associations de la soci\u00e9t\u00e9 civile s\u2019inscrit aujourd\u2019hui, au vu de la Constitution, dans le domaine de l\u2019int\u00e9r\u00eat pour les questions concernant la chose publique dont l\u2019une de ses illustrations est la r\u00e9activit\u00e9 du plan l\u00e9gislatif et de l\u2019\u00e9valuation des politiques publiques ainsi que le suivi de la mat\u00e9rialisation des engagements de l\u2019\u00c9tat\u00bb.<\/p>\n\n\n\n<p>En conclusion, la DIDH r\u00e9it\u00e8re son appel pour une r\u00e9activit\u00e9 positive vis-\u00e0-vis des initiatives gouvernementales sur le sujet des Associations, notamment celles du Secr\u00e9tariat G\u00e9n\u00e9ral du gouvernement et du minist\u00e8re charg\u00e9e des Relations avec le parlement, lanc\u00e9es \u00e0 l\u2019occasion de la discussion des budgets sectoriels, tout en annon\u00e7ant qu\u2019elle envisage de pr\u00e9parer un avis sur le sujet.<\/p>\n\n\n\n<p><strong>C. A.<\/strong><\/p>\n","protected":false},"excerpt":{"rendered":"<p>La D\u00e9l\u00e9gation Interminist\u00e9rielle aux Droits de l\u2019Homme (DIDH), coiff\u00e9e par Ahmed Chaouki Benyoub (photo) estime que \u00abla question du r\u00e9c\u00e9piss\u00e9 de d\u00e9claration de cr\u00e9ation des associations ne doit pas \u00eatre exploit\u00e9e dans une posture de victimisation\u00bb. Dans un communiqu\u00e9 parvenu hier lundi \u00e0 la MAP, la DIDH note que le rapport d\u2019examen sp\u00e9cial concernant la &hellip;<\/p>\n","protected":false},"author":2,"featured_media":12892,"comment_status":"open","ping_status":"closed","sticky":false,"template":"","format":"standard","meta":{"footnotes":""},"categories":[631],"tags":[],"class_list":["post-12891","post","type-post","status-publish","format-standard","has-post-thumbnail","hentry","category-associations"],"_links":{"self":[{"href":"https:\/\/letempsmag.ma\/index.php?rest_route=\/wp\/v2\/posts\/12891","targetHints":{"allow":["GET"]}}],"collection":[{"href":"https:\/\/letempsmag.ma\/index.php?rest_route=\/wp\/v2\/posts"}],"about":[{"href":"https:\/\/letempsmag.ma\/index.php?rest_route=\/wp\/v2\/types\/post"}],"author":[{"embeddable":true,"href":"https:\/\/letempsmag.ma\/index.php?rest_route=\/wp\/v2\/users\/2"}],"replies":[{"embeddable":true,"href":"https:\/\/letempsmag.ma\/index.php?rest_route=%2Fwp%2Fv2%2Fcomments&post=12891"}],"version-history":[{"count":1,"href":"https:\/\/letempsmag.ma\/index.php?rest_route=\/wp\/v2\/posts\/12891\/revisions"}],"predecessor-version":[{"id":12893,"href":"https:\/\/letempsmag.ma\/index.php?rest_route=\/wp\/v2\/posts\/12891\/revisions\/12893"}],"wp:featuredmedia":[{"embeddable":true,"href":"https:\/\/letempsmag.ma\/index.php?rest_route=\/wp\/v2\/media\/12892"}],"wp:attachment":[{"href":"https:\/\/letempsmag.ma\/index.php?rest_route=%2Fwp%2Fv2%2Fmedia&parent=12891"}],"wp:term":[{"taxonomy":"category","embeddable":true,"href":"https:\/\/letempsmag.ma\/index.php?rest_route=%2Fwp%2Fv2%2Fcategories&post=12891"},{"taxonomy":"post_tag","embeddable":true,"href":"https:\/\/letempsmag.ma\/index.php?rest_route=%2Fwp%2Fv2%2Ftags&post=12891"}],"curies":[{"name":"wp","href":"https:\/\/api.w.org\/{rel}","templated":true}]}}