{"id":12761,"date":"2022-02-24T10:24:15","date_gmt":"2022-02-24T09:24:15","guid":{"rendered":"https:\/\/letempsmag.ma\/?p=12761"},"modified":"2022-02-24T10:24:16","modified_gmt":"2022-02-24T09:24:16","slug":"un-portail-officiel-tafa3oul-pour-le-traitement-des-plaintes-des-citoyens","status":"publish","type":"post","link":"https:\/\/letempsmag.ma\/?p=12761","title":{"rendered":"Un portail officiel \u00abTafa3oul\u00bb pour le traitement des plaintes des citoyens"},"content":{"rendered":"<p>La D\u00e9l\u00e9gation Interminist\u00e9rielle aux Droits de l&#8217;Homme (DIDH) a annonc\u00e9, hier mercredi, le lancement du portail \u00e9lectronique \u00abTafa3oul\u00bb (interaction), d\u00e9di\u00e9 \u00e0 la gestion des plaintes. Un communiqu\u00e9 de cette instance pr\u00e9cise que cette initiative intervient en application des engagements contenus dans le rapport de l\u2019examen sp\u00e9cial sur la protection des Droits de l\u2019Homme, pr\u00e9sent\u00e9 le 14 d\u00e9cembre 2021.<br \/>\n\u00abTafa3oul\u00bb permettra de recevoir et de traiter les plaintes relatives aux violations des droits et libert\u00e9s, objets dudit rapport, et qui comprennent les libert\u00e9s de pens\u00e9e, de croyance, d&#8217;opinion et d&#8217;expression, de la presse, de constitution d\u2019Associations, de rassemblement et de manifestation ainsi que la d\u00e9tention arbitraire, l\u2019exposition \u00e0 la torture et le proc\u00e8s \u00e9quitable, ajoute la m\u00eame source.<br \/>\nLa r\u00e9ception et le traitement des plaintes, sur le portail \u00e9lectronique, sont accessibles via l&#8217;espace \u00abinteraction\u00bb de la DIDH ou via le lien \u00abhttps:\/\/interaction.didh.ma\/\u00bb.<br \/>\nIl faut rappeler que la DIDH, cr\u00e9\u00e9e le 11 avril 2011, a pour mission de contribuer \u00e0 l\u2019\u00e9laboration et \u00e0 la mise en \u0153uvre de la politique gouvernementale en mati\u00e8re de Droits de l\u2019Homme, de coordonner l\u2019action institutionnelle en mati\u00e8re de promotion de la culture des Droits humains et de proposer les mesures n\u00e9cessaires pour leur int\u00e9gration dans les politiques publiques. Parmi ses missions aussi : \u00e9laborer et pr\u00e9senter les rapports nationaux aux m\u00e9canismes des Nations-Unies et renforcer la participation du Maroc \u00e0 la dynamique internationale dans le domaine des Droits de l\u2019Homme.<\/p>\n<p>L. F.<\/p>\n","protected":false},"excerpt":{"rendered":"<p>La D\u00e9l\u00e9gation Interminist\u00e9rielle aux Droits de l&#8217;Homme (DIDH) a annonc\u00e9, hier mercredi, le lancement du portail \u00e9lectronique \u00abTafa3oul\u00bb (interaction), d\u00e9di\u00e9 \u00e0 la gestion des plaintes. Un communiqu\u00e9 de cette instance pr\u00e9cise que cette initiative intervient en application des engagements contenus dans le rapport de l\u2019examen sp\u00e9cial sur la protection des Droits de l\u2019Homme, pr\u00e9sent\u00e9 le &hellip;<\/p>\n","protected":false},"author":2,"featured_media":12762,"comment_status":"open","ping_status":"closed","sticky":false,"template":"","format":"standard","meta":{"footnotes":""},"categories":[624],"tags":[],"class_list":["post-12761","post","type-post","status-publish","format-standard","has-post-thumbnail","hentry","category-droits-humains"],"_links":{"self":[{"href":"https:\/\/letempsmag.ma\/index.php?rest_route=\/wp\/v2\/posts\/12761","targetHints":{"allow":["GET"]}}],"collection":[{"href":"https:\/\/letempsmag.ma\/index.php?rest_route=\/wp\/v2\/posts"}],"about":[{"href":"https:\/\/letempsmag.ma\/index.php?rest_route=\/wp\/v2\/types\/post"}],"author":[{"embeddable":true,"href":"https:\/\/letempsmag.ma\/index.php?rest_route=\/wp\/v2\/users\/2"}],"replies":[{"embeddable":true,"href":"https:\/\/letempsmag.ma\/index.php?rest_route=%2Fwp%2Fv2%2Fcomments&post=12761"}],"version-history":[{"count":1,"href":"https:\/\/letempsmag.ma\/index.php?rest_route=\/wp\/v2\/posts\/12761\/revisions"}],"predecessor-version":[{"id":12763,"href":"https:\/\/letempsmag.ma\/index.php?rest_route=\/wp\/v2\/posts\/12761\/revisions\/12763"}],"wp:featuredmedia":[{"embeddable":true,"href":"https:\/\/letempsmag.ma\/index.php?rest_route=\/wp\/v2\/media\/12762"}],"wp:attachment":[{"href":"https:\/\/letempsmag.ma\/index.php?rest_route=%2Fwp%2Fv2%2Fmedia&parent=12761"}],"wp:term":[{"taxonomy":"category","embeddable":true,"href":"https:\/\/letempsmag.ma\/index.php?rest_route=%2Fwp%2Fv2%2Fcategories&post=12761"},{"taxonomy":"post_tag","embeddable":true,"href":"https:\/\/letempsmag.ma\/index.php?rest_route=%2Fwp%2Fv2%2Ftags&post=12761"}],"curies":[{"name":"wp","href":"https:\/\/api.w.org\/{rel}","templated":true}]}}