{"id":12758,"date":"2022-02-24T10:23:26","date_gmt":"2022-02-24T09:23:26","guid":{"rendered":"https:\/\/letempsmag.ma\/?p=12758"},"modified":"2022-02-24T10:23:28","modified_gmt":"2022-02-24T09:23:28","slug":"la-republique-de-malte-ouvre-un-consulat-a-casablanca","status":"publish","type":"post","link":"https:\/\/letempsmag.ma\/?p=12758","title":{"rendered":"La R\u00e9publique de Malte ouvre un Consulat \u00e0 Casablanca"},"content":{"rendered":"<p>Lors d&#8217;une c\u00e9r\u00e9monie officielle tenue hier mercredi \u00e0 Casablanca, le Consulat de la R\u00e9publique de Malte a \u00e9t\u00e9 inaugur\u00e9 en pr\u00e9sence du Ministre maltais des Affaires \u00c9trang\u00e8res et Europ\u00e9ennes, Evarist Bartolo, et du Ministre marocain de l&#8217;Industrie et du Commerce, Ryad Mezzour.<br \/>\nDans une allocution de bienvenue, le Consul G\u00e9n\u00e9ral de Malte, J\u00e9r\u00f4me Spiteri a soulign\u00e9 que l&#8217;ouverture officielle de ce Consulat a \u00e9t\u00e9 pr\u00e9c\u00e9d\u00e9e, au cours des derniers mois, par une s\u00e9rie de discussions et de dispositions, se f\u00e9licitant des efforts d\u00e9ploy\u00e9s par le gouvernement maltais, l&#8217;Union Europ\u00e9enne et les minist\u00e8res des affaires \u00e9trang\u00e8res des deux pays pour r\u00e9ussir cette \u00e9tape importante sur la voie du renforcement des relations de partenariat entre Malte et le Maroc.<br \/>\nPour sa part, Evarist Bartolo a d\u00e9clar\u00e9 que l&#8217;ouverture de ce Consulat \u00e0 Casablanca s&#8217;inscrit dans le cadre des efforts visant \u00e0 promouvoir la coop\u00e9ration entre les deux pays dans des secteurs prometteurs, d&#8217;autant plus que le Maroc et Malte ont de nombreux points communs. En outre, le Ministre maltais a relev\u00e9 que les deux pays \u0153uvreront conjointement au d\u00e9veloppement de plusieurs secteurs, notamment la technologie de l&#8217;eau, l&#8217;industrie pharmaceutique, la fabrication, les services financiers et d&#8217;autres secteurs qui peuvent contribuer \u00e0 assurer une vie prosp\u00e8re pour les peuples marocain et maltais. Le Ministre maltais a \u00e9galement estim\u00e9 que les rencontres qu&#8217;il a tenues, mardi dernier \u00e0 Rabat, inaugurent une nouvelle phase dans les relations bilat\u00e9rales, soulignant que l&#8217;ouverture de ce Consulat permettra d&#8217;activer les domaines de coop\u00e9ration entre le Maroc et Malte. Il a, \u00e0 cet \u00e9gard, exprim\u00e9 sa gratitude pour les efforts d\u00e9ploy\u00e9s par les responsables marocains, exprimant sa volont\u00e9 de soutenir le Maroc dans ses relations avec l&#8217;Union Europ\u00e9enne et sa conviction que de son c\u00f4t\u00e9, le Royaume soutiendra Malte \u00e0 renforcer ses relations avec le reste des pays du continent africain.<br \/>\nQuant \u00e0 lui Ryad Mezzour s&#8217;est dit tr\u00e8s fier de l&#8217;ouverture de ce Consulat qui est le fruit de la volont\u00e9 des deux pays de renforcer leurs relations \u00e9conomiques bilat\u00e9rales, rappelant la profondeur des relations historiques liant le Maroc et Malte, qui remontent \u00e0 plusieurs si\u00e8cles, ajoutant qu\u2019il existe une vision commune pour parvenir au d\u00e9veloppement des deux pays. Le Ministre a, par ailleurs, estim\u00e9 que Malte et le Maroc sont deux pays m\u00e9diterran\u00e9ens qui se compl\u00e8tent, ajoutant que les deux pays ont une vision unifi\u00e9e pour le renforcement et le d\u00e9veloppement des investissements mutuels, en vue de contribuer \u00e0 la cr\u00e9ation de davantage d&#8217;opportunit\u00e9s d&#8217;emplois dans les deux pays. (Photo : Media24).<\/p>\n<p>L. F.<\/p>\n","protected":false},"excerpt":{"rendered":"<p>Lors d&#8217;une c\u00e9r\u00e9monie officielle tenue hier mercredi \u00e0 Casablanca, le Consulat de la R\u00e9publique de Malte a \u00e9t\u00e9 inaugur\u00e9 en pr\u00e9sence du Ministre maltais des Affaires \u00c9trang\u00e8res et Europ\u00e9ennes, Evarist Bartolo, et du Ministre marocain de l&#8217;Industrie et du Commerce, Ryad Mezzour. Dans une allocution de bienvenue, le Consul G\u00e9n\u00e9ral de Malte, J\u00e9r\u00f4me Spiteri a &hellip;<\/p>\n","protected":false},"author":2,"featured_media":12759,"comment_status":"open","ping_status":"closed","sticky":false,"template":"","format":"standard","meta":{"footnotes":""},"categories":[118],"tags":[],"class_list":["post-12758","post","type-post","status-publish","format-standard","has-post-thumbnail","hentry","category-diplomatie"],"_links":{"self":[{"href":"https:\/\/letempsmag.ma\/index.php?rest_route=\/wp\/v2\/posts\/12758","targetHints":{"allow":["GET"]}}],"collection":[{"href":"https:\/\/letempsmag.ma\/index.php?rest_route=\/wp\/v2\/posts"}],"about":[{"href":"https:\/\/letempsmag.ma\/index.php?rest_route=\/wp\/v2\/types\/post"}],"author":[{"embeddable":true,"href":"https:\/\/letempsmag.ma\/index.php?rest_route=\/wp\/v2\/users\/2"}],"replies":[{"embeddable":true,"href":"https:\/\/letempsmag.ma\/index.php?rest_route=%2Fwp%2Fv2%2Fcomments&post=12758"}],"version-history":[{"count":1,"href":"https:\/\/letempsmag.ma\/index.php?rest_route=\/wp\/v2\/posts\/12758\/revisions"}],"predecessor-version":[{"id":12760,"href":"https:\/\/letempsmag.ma\/index.php?rest_route=\/wp\/v2\/posts\/12758\/revisions\/12760"}],"wp:featuredmedia":[{"embeddable":true,"href":"https:\/\/letempsmag.ma\/index.php?rest_route=\/wp\/v2\/media\/12759"}],"wp:attachment":[{"href":"https:\/\/letempsmag.ma\/index.php?rest_route=%2Fwp%2Fv2%2Fmedia&parent=12758"}],"wp:term":[{"taxonomy":"category","embeddable":true,"href":"https:\/\/letempsmag.ma\/index.php?rest_route=%2Fwp%2Fv2%2Fcategories&post=12758"},{"taxonomy":"post_tag","embeddable":true,"href":"https:\/\/letempsmag.ma\/index.php?rest_route=%2Fwp%2Fv2%2Ftags&post=12758"}],"curies":[{"name":"wp","href":"https:\/\/api.w.org\/{rel}","templated":true}]}}