{"id":12746,"date":"2022-02-24T10:20:25","date_gmt":"2022-02-24T09:20:25","guid":{"rendered":"https:\/\/letempsmag.ma\/?p=12746"},"modified":"2022-02-24T10:20:27","modified_gmt":"2022-02-24T09:20:27","slug":"le-groupe-francais-proman-simplante-au-maroc","status":"publish","type":"post","link":"https:\/\/letempsmag.ma\/?p=12746","title":{"rendered":"Le groupe fran\u00e7ais Proman s\u2019implante au Maroc"},"content":{"rendered":"<p>Leader fran\u00e7ais sur le march\u00e9 du travail temporaire et des ressources humaines, le groupe Proman annonce son implantation au Maroc avec l\u2019ouverture d\u2019agences par croissance organique et l\u2019acquisition de VHP Assist. Le d\u00e9veloppement \u00e0 l\u2019international est un axe strat\u00e9gique pour le groupe qui vise 4 milliards d\u2019euros de chiffre d\u2019affaires en 2023, dont 50% \u00e0 l\u2019\u00e9tranger. Aujourd\u2019hui, il est positionn\u00e9 sur 16 pays : France (R\u00e9union, Mayotte), Maurice, Monaco, Suisse, Angleterre, Belgique, Portugal, Luxembourg, Canada, \u00c9tats-Unis, Espagne, Pays-Bas, Pologne, Roumanie, Croatie et le Maroc r\u00e9cemment.<br \/>\nProman est d\u00e9sormais pr\u00e9sent dans 5 grandes villes du Royaume : Casablanca, Tanger, Agadir, Dakhla et Marrakech, avec un r\u00e9seau en plein d\u00e9veloppement. Le groupe ambitionne de devenir un acteur incontournable des solutions RH flexibles et durables. \u00abProman est pr\u00e9sent dans 16 pays. Cela r\u00e9sonne et ce n\u2019est que le d\u00e9but : Avec le Maroc, nous ouvrons les portes du continent africain. Nous projetons, cette ann\u00e9e, de nous d\u00e9velopper pour couvrir l\u2019ensemble du Royaume. Je suis convaincu qu\u2019avec l\u2019\u00e9tat d\u2019esprit des \u00e9quipes sur place, nous allons faire de grandes choses\u00bb, d\u00e9clare Roland Gomez, Directeur G\u00e9n\u00e9ral de Proman.<br \/>\nPour sa part, Jean-Pierre Rongier, Directeur de Proman Maroc, confie : \u00abJ\u2019ai connu les dirigeants de Proman, il y a plus de 30 ans, lorsque je travaillais en France. J\u2019ai ensuite pris la d\u00e9cision de partir pour le Maroc et je suis aujourd\u2019hui ravi de faire partie de cette nouvelle aventure dans ce pays que je connais et que j\u2019affectionne tout particuli\u00e8rement\u00bb.<br \/>\nPour sa part, Jamal-Eddine et Abderrahmane Mkadmi, co-G\u00e9rants de VHP Assiste, soulignent que \u00able nom VHP correspond \u00e0 Valeur, Humain et Potentiel, ce qui concorde totalement avec notre vision et celle de Proman. Fort de notre exp\u00e9rience sur le march\u00e9 marocain, ce partenariat a \u00e9t\u00e9 pour nous une r\u00e9elle opportunit\u00e9 pour accentuer notre d\u00e9veloppement \u00e0 l\u2019\u00e9chelle nationale. Nous sommes tr\u00e8s heureux de rejoindre cette entreprise\u00bb.<\/p>\n<p>M. E.<\/p>\n","protected":false},"excerpt":{"rendered":"<p>Leader fran\u00e7ais sur le march\u00e9 du travail temporaire et des ressources humaines, le groupe Proman annonce son implantation au Maroc avec l\u2019ouverture d\u2019agences par croissance organique et l\u2019acquisition de VHP Assist. Le d\u00e9veloppement \u00e0 l\u2019international est un axe strat\u00e9gique pour le groupe qui vise 4 milliards d\u2019euros de chiffre d\u2019affaires en 2023, dont 50% \u00e0 &hellip;<\/p>\n","protected":false},"author":2,"featured_media":12747,"comment_status":"open","ping_status":"closed","sticky":false,"template":"","format":"standard","meta":{"footnotes":""},"categories":[623],"tags":[],"class_list":["post-12746","post","type-post","status-publish","format-standard","has-post-thumbnail","hentry","category-ressources-humaines"],"_links":{"self":[{"href":"https:\/\/letempsmag.ma\/index.php?rest_route=\/wp\/v2\/posts\/12746","targetHints":{"allow":["GET"]}}],"collection":[{"href":"https:\/\/letempsmag.ma\/index.php?rest_route=\/wp\/v2\/posts"}],"about":[{"href":"https:\/\/letempsmag.ma\/index.php?rest_route=\/wp\/v2\/types\/post"}],"author":[{"embeddable":true,"href":"https:\/\/letempsmag.ma\/index.php?rest_route=\/wp\/v2\/users\/2"}],"replies":[{"embeddable":true,"href":"https:\/\/letempsmag.ma\/index.php?rest_route=%2Fwp%2Fv2%2Fcomments&post=12746"}],"version-history":[{"count":1,"href":"https:\/\/letempsmag.ma\/index.php?rest_route=\/wp\/v2\/posts\/12746\/revisions"}],"predecessor-version":[{"id":12748,"href":"https:\/\/letempsmag.ma\/index.php?rest_route=\/wp\/v2\/posts\/12746\/revisions\/12748"}],"wp:featuredmedia":[{"embeddable":true,"href":"https:\/\/letempsmag.ma\/index.php?rest_route=\/wp\/v2\/media\/12747"}],"wp:attachment":[{"href":"https:\/\/letempsmag.ma\/index.php?rest_route=%2Fwp%2Fv2%2Fmedia&parent=12746"}],"wp:term":[{"taxonomy":"category","embeddable":true,"href":"https:\/\/letempsmag.ma\/index.php?rest_route=%2Fwp%2Fv2%2Fcategories&post=12746"},{"taxonomy":"post_tag","embeddable":true,"href":"https:\/\/letempsmag.ma\/index.php?rest_route=%2Fwp%2Fv2%2Ftags&post=12746"}],"curies":[{"name":"wp","href":"https:\/\/api.w.org\/{rel}","templated":true}]}}