{"id":12743,"date":"2022-02-24T10:19:35","date_gmt":"2022-02-24T09:19:35","guid":{"rendered":"https:\/\/letempsmag.ma\/?p=12743"},"modified":"2022-02-24T10:19:37","modified_gmt":"2022-02-24T09:19:37","slug":"menara-prefa-demarre-son-activite-a-khouribga","status":"publish","type":"post","link":"https:\/\/letempsmag.ma\/?p=12743","title":{"rendered":"M\u00e9nara Pr\u00e9fa d\u00e9marre son activit\u00e9 \u00e0 Khouribga"},"content":{"rendered":"<p>M\u00e9nara Pr\u00e9fa, filiale du Groupe M\u00e9nara Holding, a proc\u00e9d\u00e9 r\u00e9cemment au lancement d\u2019une nouvelle installation industrielle sur son site de Khouribga. L\u2019\u00e9v\u00e9nement a eu lieu en pr\u00e9sence de Ryad Mezzour, Ministre de l\u2019Industrie et du Commerce; de Mohamed Zahid, Pr\u00e9sident-Directeur G\u00e9n\u00e9ral de M\u00e9nara Holding; et de Mohamed A\u00eft Benza\u00efter, Directeur G\u00e9n\u00e9ral D\u00e9l\u00e9gu\u00e9 de M\u00e9nara Holding.<br \/>\nL\u2019objectif strat\u00e9gique de M\u00e9nara Holding est de devenir un leader national dans les m\u00e9tiers du BTP. C\u2019est la raison pour laquelle la soci\u00e9t\u00e9 M\u00e9nara Holding a proc\u00e9d\u00e9 \u00e0 un important investissement dans la r\u00e9gion de Khouribga avec notamment l\u2019installation d\u2019une presse \u00e0 b\u00e9ton \u00abMasa\u00bb et d\u2019une ligne de finition. Ces installations permettront de r\u00e9pondre aux besoins du march\u00e9 de la r\u00e9gion de Khouribga-Settat en termes de mat\u00e9riaux classiques de construction et offriront des produits de rev\u00eatement et d\u2019am\u00e9nagement urbain haut de gamme pour l\u2019ensemble du pays, en termes de dalles, de pav\u00e9s sp\u00e9ciaux ou de mobilier urbain.<br \/>\nL\u2019investissement global pour l\u2019usine M\u00e9nara Pr\u00e9fa Khouribga est estim\u00e9 \u00e0 150 millions de DH, dont 90 millions de DH pour la nouvelle installation. Quant \u00e0 l\u2019emploi, il est pr\u00e9vu la cr\u00e9ation de 141 postes permanents.<br \/>\nRappelons que M\u00e9nara Pr\u00e9fa a \u00e9t\u00e9 cr\u00e9\u00e9e en 2002 et a pour principale activit\u00e9 la cr\u00e9ation de pr\u00e9fabriqu\u00e9s en b\u00e9ton et de b\u00e9ton pr\u00eat \u00e0 l\u2019emploi. Avec plus de 900 collaborateurs, l\u2019entreprise participe activement \u00e0 la vie des r\u00e9gions o\u00f9 elle intervient et b\u00e9n\u00e9ficie d\u2019une renomm\u00e9e jamais d\u00e9mentie.<\/p>\n<p>M. E.<\/p>\n","protected":false},"excerpt":{"rendered":"<p>M\u00e9nara Pr\u00e9fa, filiale du Groupe M\u00e9nara Holding, a proc\u00e9d\u00e9 r\u00e9cemment au lancement d\u2019une nouvelle installation industrielle sur son site de Khouribga. L\u2019\u00e9v\u00e9nement a eu lieu en pr\u00e9sence de Ryad Mezzour, Ministre de l\u2019Industrie et du Commerce; de Mohamed Zahid, Pr\u00e9sident-Directeur G\u00e9n\u00e9ral de M\u00e9nara Holding; et de Mohamed A\u00eft Benza\u00efter, Directeur G\u00e9n\u00e9ral D\u00e9l\u00e9gu\u00e9 de M\u00e9nara Holding. &hellip;<\/p>\n","protected":false},"author":2,"featured_media":12744,"comment_status":"open","ping_status":"closed","sticky":false,"template":"","format":"standard","meta":{"footnotes":""},"categories":[423],"tags":[],"class_list":["post-12743","post","type-post","status-publish","format-standard","has-post-thumbnail","hentry","category-btp"],"_links":{"self":[{"href":"https:\/\/letempsmag.ma\/index.php?rest_route=\/wp\/v2\/posts\/12743","targetHints":{"allow":["GET"]}}],"collection":[{"href":"https:\/\/letempsmag.ma\/index.php?rest_route=\/wp\/v2\/posts"}],"about":[{"href":"https:\/\/letempsmag.ma\/index.php?rest_route=\/wp\/v2\/types\/post"}],"author":[{"embeddable":true,"href":"https:\/\/letempsmag.ma\/index.php?rest_route=\/wp\/v2\/users\/2"}],"replies":[{"embeddable":true,"href":"https:\/\/letempsmag.ma\/index.php?rest_route=%2Fwp%2Fv2%2Fcomments&post=12743"}],"version-history":[{"count":1,"href":"https:\/\/letempsmag.ma\/index.php?rest_route=\/wp\/v2\/posts\/12743\/revisions"}],"predecessor-version":[{"id":12745,"href":"https:\/\/letempsmag.ma\/index.php?rest_route=\/wp\/v2\/posts\/12743\/revisions\/12745"}],"wp:featuredmedia":[{"embeddable":true,"href":"https:\/\/letempsmag.ma\/index.php?rest_route=\/wp\/v2\/media\/12744"}],"wp:attachment":[{"href":"https:\/\/letempsmag.ma\/index.php?rest_route=%2Fwp%2Fv2%2Fmedia&parent=12743"}],"wp:term":[{"taxonomy":"category","embeddable":true,"href":"https:\/\/letempsmag.ma\/index.php?rest_route=%2Fwp%2Fv2%2Fcategories&post=12743"},{"taxonomy":"post_tag","embeddable":true,"href":"https:\/\/letempsmag.ma\/index.php?rest_route=%2Fwp%2Fv2%2Ftags&post=12743"}],"curies":[{"name":"wp","href":"https:\/\/api.w.org\/{rel}","templated":true}]}}