{"id":12680,"date":"2022-02-22T09:42:50","date_gmt":"2022-02-22T08:42:50","guid":{"rendered":"https:\/\/letempsmag.ma\/?p=12680"},"modified":"2022-02-22T09:45:29","modified_gmt":"2022-02-22T08:45:29","slug":"infobip-soutient-lafrican-digital-week-2002","status":"publish","type":"post","link":"https:\/\/letempsmag.ma\/?p=12680","title":{"rendered":"Infobip soutient l\u2019\u00abAfrican Digital Week 2002\u00bb"},"content":{"rendered":"<p>Infobip, entreprise internationale leader en mati\u00e8re de solutions de communication via le cloud, prend part, en tant que partenaire officiel et sponsor, \u00e0 l\u2019\u00e9dition 2022 de l\u2019\u00abAfrican Digital Week\u00bb qui se tient depuis hier lundi jusqu\u2019au samedi 26 f\u00e9vrier prochain. Cette rencontre virtuelle, enti\u00e8rement d\u00e9di\u00e9e \u00e0 la transformation num\u00e9rique en Afrique, est d\u00e9clin\u00e9e en 15 forums diff\u00e9rents qui permettent \u00e0 un large auditoire d\u2019\u00eatre inform\u00e9 sur les toutes derni\u00e8res tendances li\u00e9es au digital.<br \/>\nInfobip figure sur la liste des partenaires officiels de cet \u00e9v\u00e9nement majeur qui aspire \u00e0 l\u2019acc\u00e9l\u00e9ration de la transformation digitale des entreprises et qui invite les jeunes professionnels \u00e0 mener \u00e0 bien la r\u00e9volution num\u00e9rique. Convaincu que l\u2019\u00abAfrican Digital Week\u00bb offre une plateforme de choix pour pouvoir r\u00e9pondre \u00e0 diff\u00e9rentes questions li\u00e9es \u00e0 la transformation num\u00e9rique, Infobip est conscient que l\u2019\u00e9conomie du 21\u00e8me si\u00e8cle est d\u2019abord et avant tout une \u00e9conomie de l\u2019innovation. Celle-ci repose sur des technologies de rupture qui sont en train de modifier, de mani\u00e8re consid\u00e9rable et durable, le monde des affaires, l\u2019\u00e9conomie des plateformes num\u00e9riques, l\u2019intelligence artificielle, l\u2019internet des objets et m\u00eame la transition \u00e9nerg\u00e9tique.<br \/>\nPr\u00e9cisons que l\u2019\u00abAfrican Digital Week\u00bb r\u00e9unit chaque ann\u00e9e un prestigieux panel d\u2019experts et de chefs d&#8217;entreprise d&#8217;Afrique, mais aussi du monde entier, qui viennent partager leurs connaissances personnelles et professionnelles, ainsi que leurs meilleures pratiques. Enti\u00e8rement r\u00e9serv\u00e9 au digital, le forum a pour objectif d\u2019accro\u00eetre l&#8217;int\u00e9r\u00eat g\u00e9n\u00e9ral pour les technologies num\u00e9riques, mais aussi de fournir une plateforme aux experts du monde entier pour partager leur exp\u00e9rience et leurs connaissances.<br \/>\nPr\u00e9cisons qu\u2019Infobip, cr\u00e9\u00e9e en 2006, est forte de plus d&#8217;une d\u00e9cennie d&#8217;exp\u00e9rience dans le secteur, d\u00e9tenant plus de 65 bureaux r\u00e9partis sur tous les continents. Elle met \u00e0 la disposition des utilisateurs une technologie capable d&#8217;atteindre plus de sept milliards d&#8217;appareils mobiles et d&#8217;objets connect\u00e9s dans plus de 190 pays. Sa plateforme est directement connect\u00e9e \u00e0 plus de 700 r\u00e9seaux de t\u00e9l\u00e9communications \u00e0 travers la plan\u00e8te.<\/p>\n","protected":false},"excerpt":{"rendered":"<p>Infobip, entreprise internationale leader en mati\u00e8re de solutions de communication via le cloud, prend part, en tant que partenaire officiel et sponsor, \u00e0 l\u2019\u00e9dition 2022 de l\u2019\u00abAfrican Digital Week\u00bb qui se tient depuis hier lundi jusqu\u2019au samedi 26 f\u00e9vrier prochain. Cette rencontre virtuelle, enti\u00e8rement d\u00e9di\u00e9e \u00e0 la transformation num\u00e9rique en Afrique, est d\u00e9clin\u00e9e en 15 &hellip;<\/p>\n","protected":false},"author":2,"featured_media":12681,"comment_status":"open","ping_status":"closed","sticky":false,"template":"","format":"standard","meta":{"footnotes":""},"categories":[321],"tags":[],"class_list":["post-12680","post","type-post","status-publish","format-standard","has-post-thumbnail","hentry","category-high-tech"],"_links":{"self":[{"href":"https:\/\/letempsmag.ma\/index.php?rest_route=\/wp\/v2\/posts\/12680","targetHints":{"allow":["GET"]}}],"collection":[{"href":"https:\/\/letempsmag.ma\/index.php?rest_route=\/wp\/v2\/posts"}],"about":[{"href":"https:\/\/letempsmag.ma\/index.php?rest_route=\/wp\/v2\/types\/post"}],"author":[{"embeddable":true,"href":"https:\/\/letempsmag.ma\/index.php?rest_route=\/wp\/v2\/users\/2"}],"replies":[{"embeddable":true,"href":"https:\/\/letempsmag.ma\/index.php?rest_route=%2Fwp%2Fv2%2Fcomments&post=12680"}],"version-history":[{"count":1,"href":"https:\/\/letempsmag.ma\/index.php?rest_route=\/wp\/v2\/posts\/12680\/revisions"}],"predecessor-version":[{"id":12682,"href":"https:\/\/letempsmag.ma\/index.php?rest_route=\/wp\/v2\/posts\/12680\/revisions\/12682"}],"wp:featuredmedia":[{"embeddable":true,"href":"https:\/\/letempsmag.ma\/index.php?rest_route=\/wp\/v2\/media\/12681"}],"wp:attachment":[{"href":"https:\/\/letempsmag.ma\/index.php?rest_route=%2Fwp%2Fv2%2Fmedia&parent=12680"}],"wp:term":[{"taxonomy":"category","embeddable":true,"href":"https:\/\/letempsmag.ma\/index.php?rest_route=%2Fwp%2Fv2%2Fcategories&post=12680"},{"taxonomy":"post_tag","embeddable":true,"href":"https:\/\/letempsmag.ma\/index.php?rest_route=%2Fwp%2Fv2%2Ftags&post=12680"}],"curies":[{"name":"wp","href":"https:\/\/api.w.org\/{rel}","templated":true}]}}