{"id":12570,"date":"2022-02-18T13:48:40","date_gmt":"2022-02-18T12:48:40","guid":{"rendered":"https:\/\/letempsmag.ma\/?p=12570"},"modified":"2022-02-18T13:48:42","modified_gmt":"2022-02-18T12:48:42","slug":"le-festival-de-cinema-de-saidia-revient-apres-deux-ans-de-suspension","status":"publish","type":"post","link":"https:\/\/letempsmag.ma\/?p=12570","title":{"rendered":"Le Festival de Cin\u00e9ma de Sa\u00efdia revient apr\u00e8s deux ans de suspension"},"content":{"rendered":"<p>L&#8217;Association Al Amal pour la Cohabitation et le D\u00e9veloppement organise, du 24 au 26 f\u00e9vrier courant, la 6\u00e8me \u00e9dition du Festival de Cin\u00e9ma de Sa\u00efdia sous le th\u00e8me \u00abCin\u00e9ma sans fronti\u00e8res\u00bb. En raison des circonstances li\u00e9es \u00e0 la pand\u00e9mie du \u00abCovid-19\u00bb, cette \u00e9dition a \u00e9t\u00e9 report\u00e9e \u00e0 deux reprises. Elle se tiendra avec le soutien du minist\u00e8re de la Jeunesse, de la Culture et de la Communication, du Centre Cin\u00e9matographique Marocain (CCM), de la Pr\u00e9fecture de la province de Berkane, des autorit\u00e9s locales et de la Commune de Sa\u00efdia.<br \/>\nIniti\u00e9e par l&#8217;Association Al Amal, cette belle manifestation artistique vise \u00e0 contribuer \u00e0 l\u2019animation de la Perle Bleue et \u00e0 faire conna\u00eetre la production cin\u00e9matographique nationale et internationale.<br \/>\nCette \u00e9dition 2022 verra la participation de 14 films (7 longs-m\u00e9trages et 7 courts-m\u00e9trages) repr\u00e9sentant le Maroc, la Tunisie, l\u2019\u00c9gypte, l\u2019Alg\u00e9rie, la Palestine, la France, l\u2019Espagne, la Mac\u00e9doine du Nord et les \u00c9tats-Unis.<br \/>\nLes films participants seront en lice pour les Prix de la Meilleure R\u00e9alisation, du Meilleur Sc\u00e9nario, du Meilleur Acteur, de la Meilleure Actrice et du Jury en plus du Grand Prix La Perle Bleue du Long-M\u00e9trage et du Prix de l\u2019Orange du Court-M\u00e9trage.<br \/>\nCe rendez-vous sera marqu\u00e9 aussi par l\u2019organisation de conf\u00e9rences, rencontres et ateliers autour de questions culturelles, artistiques et sociales, dont l\u2019industrie cin\u00e9matographique dans la r\u00e9gion de l\u2019Oriental, l\u2019\u00e9criture dans le cin\u00e9ma marocain et international et le langage cin\u00e9matographique.<br \/>\nCes rencontres verront par ailleurs la participation d\u2019experts et sp\u00e9cialistes dans le domaine cin\u00e9matographique et seront marqu\u00e9es par la signature d\u2019ouvrages sur le 7\u00e8me Art.<\/p>\n<p>L. F.<\/p>\n","protected":false},"excerpt":{"rendered":"<p>L&#8217;Association Al Amal pour la Cohabitation et le D\u00e9veloppement organise, du 24 au 26 f\u00e9vrier courant, la 6\u00e8me \u00e9dition du Festival de Cin\u00e9ma de Sa\u00efdia sous le th\u00e8me \u00abCin\u00e9ma sans fronti\u00e8res\u00bb. En raison des circonstances li\u00e9es \u00e0 la pand\u00e9mie du \u00abCovid-19\u00bb, cette \u00e9dition a \u00e9t\u00e9 report\u00e9e \u00e0 deux reprises. Elle se tiendra avec le soutien &hellip;<\/p>\n","protected":false},"author":2,"featured_media":12572,"comment_status":"open","ping_status":"closed","sticky":false,"template":"","format":"standard","meta":{"footnotes":""},"categories":[51],"tags":[],"class_list":["post-12570","post","type-post","status-publish","format-standard","has-post-thumbnail","hentry","category-culture"],"_links":{"self":[{"href":"https:\/\/letempsmag.ma\/index.php?rest_route=\/wp\/v2\/posts\/12570","targetHints":{"allow":["GET"]}}],"collection":[{"href":"https:\/\/letempsmag.ma\/index.php?rest_route=\/wp\/v2\/posts"}],"about":[{"href":"https:\/\/letempsmag.ma\/index.php?rest_route=\/wp\/v2\/types\/post"}],"author":[{"embeddable":true,"href":"https:\/\/letempsmag.ma\/index.php?rest_route=\/wp\/v2\/users\/2"}],"replies":[{"embeddable":true,"href":"https:\/\/letempsmag.ma\/index.php?rest_route=%2Fwp%2Fv2%2Fcomments&post=12570"}],"version-history":[{"count":1,"href":"https:\/\/letempsmag.ma\/index.php?rest_route=\/wp\/v2\/posts\/12570\/revisions"}],"predecessor-version":[{"id":12573,"href":"https:\/\/letempsmag.ma\/index.php?rest_route=\/wp\/v2\/posts\/12570\/revisions\/12573"}],"wp:featuredmedia":[{"embeddable":true,"href":"https:\/\/letempsmag.ma\/index.php?rest_route=\/wp\/v2\/media\/12572"}],"wp:attachment":[{"href":"https:\/\/letempsmag.ma\/index.php?rest_route=%2Fwp%2Fv2%2Fmedia&parent=12570"}],"wp:term":[{"taxonomy":"category","embeddable":true,"href":"https:\/\/letempsmag.ma\/index.php?rest_route=%2Fwp%2Fv2%2Fcategories&post=12570"},{"taxonomy":"post_tag","embeddable":true,"href":"https:\/\/letempsmag.ma\/index.php?rest_route=%2Fwp%2Fv2%2Ftags&post=12570"}],"curies":[{"name":"wp","href":"https:\/\/api.w.org\/{rel}","templated":true}]}}