{"id":12516,"date":"2022-02-16T09:16:16","date_gmt":"2022-02-16T08:16:16","guid":{"rendered":"https:\/\/letempsmag.ma\/?p=12516"},"modified":"2022-02-16T09:16:18","modified_gmt":"2022-02-16T08:16:18","slug":"nespresso-maroc-et-lartiste-samy-snoussi-mobilises-pour-le-recyclage-des-capsules-usagees","status":"publish","type":"post","link":"https:\/\/letempsmag.ma\/?p=12516","title":{"rendered":"Nespresso Maroc et l\u2019artiste Samy Snoussi mobilis\u00e9s pour le recyclage des capsules usag\u00e9es"},"content":{"rendered":"<p>Les questions d\u2019environnement et particuli\u00e8rement celle du recyclage restent au c\u0153ur des pr\u00e9occupations de Nespresso, leader mondial du caf\u00e9 portionn\u00e9 haut de gamme. Poursuivant cet engagement de mani\u00e8re locale \u00e9galement, sa filiale marocaine a fait appel \u00e0 l\u2019artiste Samy Snoussi pour mobiliser les communaut\u00e9s autour de ce sujet environnemental important. Le cr\u00e9atif et designer urbain marocain, tr\u00e8s engag\u00e9 dans ce domaine, a sign\u00e9 une \u0153uvre 100% locale intitul\u00e9e \u00abUne porte vers la durabilit\u00e9\u00bb, plaidant en faveur du recyclage des capsules usag\u00e9es.<br \/>\nMobilis\u00e9 depuis 2003 en faveur du d\u00e9veloppement durable \u00e0 travers son programme \u00abNespresso AAA Sustainable Quality\u00bb pour un d\u00e9veloppement durable, Nespresso fait ainsi appel \u00e0 l\u2019art pour mobiliser les consommateurs. La filiale marocaine a travaill\u00e9 avec Samy Snoussi pour \u00e9veiller les consciences au recyclage des capsules de caf\u00e9 usag\u00e9es. \u00abTravailler avec Nespresso Maroc signifie pour moi un lien encore plus fort avec les mat\u00e9riaux\u00bb, confie Samy Snoussi. Il signe ainsi une \u0153uvre authentique qui plaide en faveur du recyclage des capsules usag\u00e9es. \u00abJe voulais contribuer \u00e0 ma mani\u00e8re et trouver un moyen d\u2019utiliser les capsules usag\u00e9es \u00e0 la r\u00e9alisation d\u2019une \u0153uvre artistique\u00bb, explique le talentueux designer.<br \/>\nL&#8217;\u0153uvre consiste en un assemblage de 4.000 capsules caf\u00e9 usag\u00e9es, vid\u00e9es, nettoy\u00e9es, s\u00e9ch\u00e9es et m\u00e9ticuleusement plac\u00e9es sur une porte traditionnelle marocaine. \u00abC\u2019est comme ouvrir la porte vers un nouveau monde de possibilit\u00e9s. C\u2019est ouvrir la porte vers la durabilit\u00e9\u00bb, s\u2019enthousiasme Samy Snoussi. L\u2019\u0153uvre est actuellement expos\u00e9e au sein de la boutique Nespresso Massira, \u00e0 Casablanca. Elle rappelle l\u2019engagement de Nespresso en faveur d\u2019une production atteignant les 100% de neutralit\u00e9 carbone sur l\u2019ensemble de sa cha\u00eene de valeurs.<br \/>\nL\u2019entreprise est pleinement engag\u00e9e en mati\u00e8re d\u2019approvisionnement en aluminium, une des mati\u00e8res n\u00e9cessaires \u00e0 la production des capsules. Gr\u00e2ce \u00e0 son initiative \u00abAluminium Stewardship Initiative\u00bb, cet approvisionnement est bien assur\u00e9. Au Maroc, Nespresso reste fortement engag\u00e9e dans la collecte et le recyclage des capsules usag\u00e9es \u00e0 travers des partenariats avec Suez, qui recycle l\u2019aluminium des capsules, mais aussi  avec l\u2019association Terre et Humanisme qui utilise le marc de caf\u00e9 comme fertilisant. Les consommateurs sont invit\u00e9s \u00e0 d\u00e9poser leurs capsules usag\u00e9es dans toutes les boutiques Nespresso au Maroc.<br \/>\nRappelons que depuis juillet 2021, Nespresso a consolid\u00e9 et \u00e9largi sa pr\u00e9sence au Maroc gr\u00e2ce \u00e0 une gestion directe des activit\u00e9s de la marque dans le Royaume via Nestl\u00e9 Maroc.<\/p>\n<p>M. E.<\/p>\n","protected":false},"excerpt":{"rendered":"<p>Les questions d\u2019environnement et particuli\u00e8rement celle du recyclage restent au c\u0153ur des pr\u00e9occupations de Nespresso, leader mondial du caf\u00e9 portionn\u00e9 haut de gamme. Poursuivant cet engagement de mani\u00e8re locale \u00e9galement, sa filiale marocaine a fait appel \u00e0 l\u2019artiste Samy Snoussi pour mobiliser les communaut\u00e9s autour de ce sujet environnemental important. Le cr\u00e9atif et designer urbain &hellip;<\/p>\n","protected":false},"author":2,"featured_media":12517,"comment_status":"open","ping_status":"closed","sticky":false,"template":"","format":"standard","meta":{"footnotes":""},"categories":[62],"tags":[],"class_list":["post-12516","post","type-post","status-publish","format-standard","has-post-thumbnail","hentry","category-environnement"],"_links":{"self":[{"href":"https:\/\/letempsmag.ma\/index.php?rest_route=\/wp\/v2\/posts\/12516","targetHints":{"allow":["GET"]}}],"collection":[{"href":"https:\/\/letempsmag.ma\/index.php?rest_route=\/wp\/v2\/posts"}],"about":[{"href":"https:\/\/letempsmag.ma\/index.php?rest_route=\/wp\/v2\/types\/post"}],"author":[{"embeddable":true,"href":"https:\/\/letempsmag.ma\/index.php?rest_route=\/wp\/v2\/users\/2"}],"replies":[{"embeddable":true,"href":"https:\/\/letempsmag.ma\/index.php?rest_route=%2Fwp%2Fv2%2Fcomments&post=12516"}],"version-history":[{"count":1,"href":"https:\/\/letempsmag.ma\/index.php?rest_route=\/wp\/v2\/posts\/12516\/revisions"}],"predecessor-version":[{"id":12518,"href":"https:\/\/letempsmag.ma\/index.php?rest_route=\/wp\/v2\/posts\/12516\/revisions\/12518"}],"wp:featuredmedia":[{"embeddable":true,"href":"https:\/\/letempsmag.ma\/index.php?rest_route=\/wp\/v2\/media\/12517"}],"wp:attachment":[{"href":"https:\/\/letempsmag.ma\/index.php?rest_route=%2Fwp%2Fv2%2Fmedia&parent=12516"}],"wp:term":[{"taxonomy":"category","embeddable":true,"href":"https:\/\/letempsmag.ma\/index.php?rest_route=%2Fwp%2Fv2%2Fcategories&post=12516"},{"taxonomy":"post_tag","embeddable":true,"href":"https:\/\/letempsmag.ma\/index.php?rest_route=%2Fwp%2Fv2%2Ftags&post=12516"}],"curies":[{"name":"wp","href":"https:\/\/api.w.org\/{rel}","templated":true}]}}