{"id":12513,"date":"2022-02-16T09:15:28","date_gmt":"2022-02-16T08:15:28","guid":{"rendered":"https:\/\/letempsmag.ma\/?p=12513"},"modified":"2022-02-16T09:15:30","modified_gmt":"2022-02-16T08:15:30","slug":"une-premiere-emirates-ouvre-un-salon-daeroport-pour-enfants-non-accompagnes","status":"publish","type":"post","link":"https:\/\/letempsmag.ma\/?p=12513","title":{"rendered":"Une premi\u00e8re\u00a0: Emirates ouvre un salon d\u2019a\u00e9roport pour enfants non accompagn\u00e9s"},"content":{"rendered":"<p>Emirates innove encore et cette fois son initiative cible les tr\u00e8s jeunes voyageurs. En effet, les mineurs non accompagn\u00e9s voyageant avec la compagnie peuvent d\u00e9sormais profiter d\u2019un nouveau salon d\u2019embarquement qui leur est exclusivement d\u00e9di\u00e9 \u00e0 l\u2019a\u00e9roport de Duba\u00ef. Situ\u00e9 \u00e0 proximit\u00e9 du salon Premi\u00e8re Classe d\u2019Emirates dans le hall \u00abB\u00bb, le salon est ouvert 24 heures sur 24 et 7 jours sur 7. L\u2019espace propose des jeux vid\u00e9o, des boissons et des collations, des si\u00e8ges confortables, le Wifi gratuit et des toilettes adapt\u00e9es aux enfants.<br \/>\nLes parents ou tuteurs ayant r\u00e9serv\u00e9 \u00e0 l\u2019avance ce service pour mineurs non accompagn\u00e9s peuvent d\u00e9poser les jeunes voyageurs au terminal 3 de l\u2019a\u00e9roport de Duba\u00ef et l\u2019\u00e9quipe d\u2019Emirates les enregistre sur le vol depuis ce salon nouvellement am\u00e9nag\u00e9. Une fois les formalit\u00e9s d\u2019enregistrement effectu\u00e9es, l\u2019un des membres de l\u2019\u00e9quipe des services a\u00e9roportuaires d\u2019Emirates escorte les jeunes voyageurs lors des contr\u00f4les d\u2019immigration et de s\u00e9curit\u00e9, jusqu\u2019\u00e0 leur salon d\u2019embarquement d\u00e9di\u00e9 dans le hall c\u00f4t\u00e9 piste, puis du salon \u00e0 la porte d\u2019embarquement.<br \/>\nLes jeunes voyageurs b\u00e9n\u00e9ficient d\u2019un embarquement prioritaire et le personnel de bord d\u2019Emirates les accueille \u00e0 la porte de l\u2019avion, les aident \u00e0 trouver leur si\u00e8ge et \u00e0 s\u2019installer. \u00c0 bord, des repas sont sp\u00e9cialement pr\u00e9par\u00e9s pour les enfants. Ils ont \u00e9galement \u00e0 leur disposition des jouets, des activit\u00e9s ludiques et des \u00e9couteurs adapt\u00e9s \u00e0 leur \u00e2ge pour profiter de plus de 50 films Disney et de plus de 130 cha\u00eenes de t\u00e9l\u00e9vision pour jeunes voyageurs.<br \/>\nEmirates offre aussi comme cadeaux \u00e0 bord, aux jeunes voyageurs, des jouets et des sacs inspir\u00e9s de l\u2019Expo 2020 de Duba\u00ef, repr\u00e9sentant le personnel d\u2019Emirates. Tous les jouets et sacs sont compos\u00e9s de mat\u00e9riaux recycl\u00e9s.<br \/>\nLes jeunes voyageant seuls ayant un vol avec correspondance \u00e0 Duba\u00ef sont \u00e9galement encadr\u00e9s pendant toute leur escale. Les personnels au sol d\u2019Emirates les accueillent et les escortent depuis leur vol jusqu\u2019\u00e0 l\u2019un des salons qui leur est d\u00e9di\u00e9 pendant qu\u2019ils attendent le prochain vol.<br \/>\nLes services d\u2019Emirates pour les mineurs non accompagn\u00e9s sont r\u00e9servables avant chaque voyage et sont disponibles pour les enfants \u00e2g\u00e9s de 5 \u00e0 11 ans voyageant sans l\u2019accompagnement d\u2019un adulte. Le service peut \u00e9galement \u00eatre r\u00e9serv\u00e9 pour les jeunes voyageurs \u00e2g\u00e9s de 12 \u00e0 15 ans. Plus d\u2019informations sont disponibles sur le site emirates.com\/ma\/family\u00bb.<\/p>\n<p>M. E.<\/p>\n","protected":false},"excerpt":{"rendered":"<p>Emirates innove encore et cette fois son initiative cible les tr\u00e8s jeunes voyageurs. En effet, les mineurs non accompagn\u00e9s voyageant avec la compagnie peuvent d\u00e9sormais profiter d\u2019un nouveau salon d\u2019embarquement qui leur est exclusivement d\u00e9di\u00e9 \u00e0 l\u2019a\u00e9roport de Duba\u00ef. Situ\u00e9 \u00e0 proximit\u00e9 du salon Premi\u00e8re Classe d\u2019Emirates dans le hall \u00abB\u00bb, le salon est ouvert &hellip;<\/p>\n","protected":false},"author":2,"featured_media":12514,"comment_status":"open","ping_status":"closed","sticky":false,"template":"","format":"standard","meta":{"footnotes":""},"categories":[53],"tags":[],"class_list":["post-12513","post","type-post","status-publish","format-standard","has-post-thumbnail","hentry","category-aerien"],"_links":{"self":[{"href":"https:\/\/letempsmag.ma\/index.php?rest_route=\/wp\/v2\/posts\/12513","targetHints":{"allow":["GET"]}}],"collection":[{"href":"https:\/\/letempsmag.ma\/index.php?rest_route=\/wp\/v2\/posts"}],"about":[{"href":"https:\/\/letempsmag.ma\/index.php?rest_route=\/wp\/v2\/types\/post"}],"author":[{"embeddable":true,"href":"https:\/\/letempsmag.ma\/index.php?rest_route=\/wp\/v2\/users\/2"}],"replies":[{"embeddable":true,"href":"https:\/\/letempsmag.ma\/index.php?rest_route=%2Fwp%2Fv2%2Fcomments&post=12513"}],"version-history":[{"count":1,"href":"https:\/\/letempsmag.ma\/index.php?rest_route=\/wp\/v2\/posts\/12513\/revisions"}],"predecessor-version":[{"id":12515,"href":"https:\/\/letempsmag.ma\/index.php?rest_route=\/wp\/v2\/posts\/12513\/revisions\/12515"}],"wp:featuredmedia":[{"embeddable":true,"href":"https:\/\/letempsmag.ma\/index.php?rest_route=\/wp\/v2\/media\/12514"}],"wp:attachment":[{"href":"https:\/\/letempsmag.ma\/index.php?rest_route=%2Fwp%2Fv2%2Fmedia&parent=12513"}],"wp:term":[{"taxonomy":"category","embeddable":true,"href":"https:\/\/letempsmag.ma\/index.php?rest_route=%2Fwp%2Fv2%2Fcategories&post=12513"},{"taxonomy":"post_tag","embeddable":true,"href":"https:\/\/letempsmag.ma\/index.php?rest_route=%2Fwp%2Fv2%2Ftags&post=12513"}],"curies":[{"name":"wp","href":"https:\/\/api.w.org\/{rel}","templated":true}]}}