{"id":12458,"date":"2022-02-14T10:00:42","date_gmt":"2022-02-14T09:00:42","guid":{"rendered":"https:\/\/letempsmag.ma\/?p=12458"},"modified":"2022-02-14T10:00:45","modified_gmt":"2022-02-14T09:00:45","slug":"le-film-marocain-aicha-prime-au-festival-panorama-international-des-courts-metrages","status":"publish","type":"post","link":"https:\/\/letempsmag.ma\/?p=12458","title":{"rendered":"Le film marocain \u00abA\u00efcha\u00bb prim\u00e9 au Festival Panorama International des Courts-M\u00e9trages"},"content":{"rendered":"<p>Le film marocain \u00abA\u00efcha\u00bb de Zakaria Nouri a remport\u00e9 le Prix de la meilleure r\u00e9alisation lors de la 7\u00e8me \u00e9dition du festival Panorama International des Courts-M\u00e9trages, organis\u00e9 du 8 au 10 f\u00e9vrier dernier \u00e0 Tunis. Le Directeur du festival, Kamal Aouij, a indiqu\u00e9 que le film a \u00e9t\u00e9 prim\u00e9 pour l&#8217;importance du th\u00e8me choisi et des techniques de mise en sc\u00e8ne utilis\u00e9es. Le film, dans lequel l&#8217;actrice Nisrine Erradi joue le r\u00f4le principal aux c\u00f4t\u00e9s d&#8217;autres artistes, dont Najat Skali, Taoufiq Al-Mouini et Raouf Sabahi, raconte l&#8217;histoire d&#8217;une fille qui essaie de faire face \u00e0 la difficult\u00e9 de la vie et lutte par tous les moyens pour subvenir \u00e0 ses besoins et ceux de sa m\u00e8re clou\u00e9e au lit.<br \/>\nLe film, qui avait d\u00e9j\u00e0 remport\u00e9 l&#8217;ann\u00e9e derni\u00e8re le Prix du meilleur film au festival de courts-m\u00e9trages de M\u00e9sopotamie aux Pays-Bas, a \u00e9t\u00e9 s\u00e9lectionn\u00e9 pour repr\u00e9senter le Maroc, l&#8217;Afrique et le Moyen-Orient dans plusieurs festivals internationaux notamment en Autriche, en Irlande, en Su\u00e8de, en Gr\u00e8ce et en Argentine.<br \/>\nLe Maroc \u00e9tait \u00e9galement repr\u00e9sent\u00e9 \u00e0 cette \u00e9dition par le film \u00abZiad\u00bb de Yacine Moujahid, fait savoir Kamal Aouij dans une d\u00e9claration \u00e0 la MAP, rappelant que le grand Prix de la 6\u00e8me \u00e9dition de ce festival avait \u00e9t\u00e9 remport\u00e9 par le film marocain \u00abEncre ultime\u00bb du r\u00e9alisateur marocain Yazid EL Kadiri.<br \/>\nLors de cette \u00e9dition 2022, les Prix du meilleur film et du documentaire ont \u00e9t\u00e9 remport\u00e9s respectivement par \u00abAn ordinary day\u00bb d\u2019Anes Zawahri (Syrie) et \u00abBeyrouth after 40\u00bb d\u2019Anthony Merchak (Liban). Une mention sp\u00e9ciale a \u00e9t\u00e9 attribu\u00e9e au film \u00abThe Sea Bride\u00bb de Mohamed Ateeq (Bahre\u00efn), tandis que le Prix du jury est revenu \u00e0 \u00abRainbow\u00bb d\u2019Aleksandar Vujovic (Mont\u00e9n\u00e9gro).<br \/>\nCr\u00e9\u00e9 en 2016, le Festival Panorama International des Courts-M\u00e9trages est un rendez-vous cin\u00e9matographique annuel et comp\u00e9titif enti\u00e8rement d\u00e9di\u00e9 au format court-m\u00e9trage. Il se veut un miroir des derni\u00e8res productions cin\u00e9matographiques tunisiennes, maghr\u00e9bines, arabes et internationales.<\/p>\n<p>C. A.<\/p>\n","protected":false},"excerpt":{"rendered":"<p>Le film marocain \u00abA\u00efcha\u00bb de Zakaria Nouri a remport\u00e9 le Prix de la meilleure r\u00e9alisation lors de la 7\u00e8me \u00e9dition du festival Panorama International des Courts-M\u00e9trages, organis\u00e9 du 8 au 10 f\u00e9vrier dernier \u00e0 Tunis. Le Directeur du festival, Kamal Aouij, a indiqu\u00e9 que le film a \u00e9t\u00e9 prim\u00e9 pour l&#8217;importance du th\u00e8me choisi et &hellip;<\/p>\n","protected":false},"author":2,"featured_media":12459,"comment_status":"open","ping_status":"closed","sticky":false,"template":"","format":"standard","meta":{"footnotes":""},"categories":[273],"tags":[],"class_list":["post-12458","post","type-post","status-publish","format-standard","has-post-thumbnail","hentry","category-cinema-2"],"_links":{"self":[{"href":"https:\/\/letempsmag.ma\/index.php?rest_route=\/wp\/v2\/posts\/12458","targetHints":{"allow":["GET"]}}],"collection":[{"href":"https:\/\/letempsmag.ma\/index.php?rest_route=\/wp\/v2\/posts"}],"about":[{"href":"https:\/\/letempsmag.ma\/index.php?rest_route=\/wp\/v2\/types\/post"}],"author":[{"embeddable":true,"href":"https:\/\/letempsmag.ma\/index.php?rest_route=\/wp\/v2\/users\/2"}],"replies":[{"embeddable":true,"href":"https:\/\/letempsmag.ma\/index.php?rest_route=%2Fwp%2Fv2%2Fcomments&post=12458"}],"version-history":[{"count":1,"href":"https:\/\/letempsmag.ma\/index.php?rest_route=\/wp\/v2\/posts\/12458\/revisions"}],"predecessor-version":[{"id":12460,"href":"https:\/\/letempsmag.ma\/index.php?rest_route=\/wp\/v2\/posts\/12458\/revisions\/12460"}],"wp:featuredmedia":[{"embeddable":true,"href":"https:\/\/letempsmag.ma\/index.php?rest_route=\/wp\/v2\/media\/12459"}],"wp:attachment":[{"href":"https:\/\/letempsmag.ma\/index.php?rest_route=%2Fwp%2Fv2%2Fmedia&parent=12458"}],"wp:term":[{"taxonomy":"category","embeddable":true,"href":"https:\/\/letempsmag.ma\/index.php?rest_route=%2Fwp%2Fv2%2Fcategories&post=12458"},{"taxonomy":"post_tag","embeddable":true,"href":"https:\/\/letempsmag.ma\/index.php?rest_route=%2Fwp%2Fv2%2Ftags&post=12458"}],"curies":[{"name":"wp","href":"https:\/\/api.w.org\/{rel}","templated":true}]}}