{"id":12454,"date":"2022-02-12T09:36:08","date_gmt":"2022-02-12T08:36:08","guid":{"rendered":"https:\/\/letempsmag.ma\/?p=12454"},"modified":"2022-02-12T09:36:08","modified_gmt":"2022-02-12T08:36:08","slug":"1-148-nouveaux-cas-au-maroc-en-24-heures-et-1-153-562-cas-cumules","status":"publish","type":"post","link":"https:\/\/letempsmag.ma\/?p=12454","title":{"rendered":"1.148 nouveaux cas au Maroc en 24 heures et 1.153.562 cas cumul\u00e9s"},"content":{"rendered":"<p>Le Centre national des op\u00e9rations d&#8217;urgence de sant\u00e9 publique au minist\u00e8re de la Sant\u00e9 a annonc\u00e9, hier vendredi \u00e0 16h, 1.148 nouveaux cas de \u00abCovid-19\u00bb, enregistr\u00e9s \u00e0 travers le Maroc, ce qui porte le bilan national cumul\u00e9 \u00e0 1.153.562 cas confirm\u00e9s depuis la premi\u00e8re infection enregistr\u00e9e le 2 mars 2020.<br \/>\nLe minist\u00e8re signale par ailleurs que le nombre de personnes totalement r\u00e9tablies s\u2019\u00e9l\u00e8ve \u00e0 1.117.573, tandis que le nombre de d\u00e9c\u00e8s atteint 15.747.<br \/>\nLes nouveaux cas d&#8217;infection ont \u00e9t\u00e9 recens\u00e9s dans les r\u00e9gions de Casablanca-Settat (218), l&#8217;Oriental (191), Tanger-T\u00e9touan-Al Hoceima (162), Rabat-Sal\u00e9-K\u00e9nitra (149), F\u00e8s-Mekn\u00e8s (148), B\u00e9ni Mellal-Kh\u00e9nifra (69), Marrakech-Safi (67), Souss-Massa (52), La\u00e2youne-Sakia El Hamra (29), Dra\u00e2-Tafilalet (25), Dakhla-Oued Eddahab (21) et Guelmim-Oued Noun (17).<br \/>\nDans son bulletin quotidien sur la situation \u00e9pid\u00e9miologique, le minist\u00e8re a en outre pr\u00e9cis\u00e9 que le nombre de primo-vaccin\u00e9s a atteint 24.700.686, celui des personnes ayant re\u00e7u deux doses s&#8217;\u00e9l\u00e8ve \u00e0 23.134.894, alors que 5.063.107 personnes ont eu trois injections du vaccin.<\/p>\n<p>M. E.<\/p>\n","protected":false},"excerpt":{"rendered":"<p>Le Centre national des op\u00e9rations d&#8217;urgence de sant\u00e9 publique au minist\u00e8re de la Sant\u00e9 a annonc\u00e9, hier vendredi \u00e0 16h, 1.148 nouveaux cas de \u00abCovid-19\u00bb, enregistr\u00e9s \u00e0 travers le Maroc, ce qui porte le bilan national cumul\u00e9 \u00e0 1.153.562 cas confirm\u00e9s depuis la premi\u00e8re infection enregistr\u00e9e le 2 mars 2020. Le minist\u00e8re signale par ailleurs &hellip;<\/p>\n","protected":false},"author":2,"featured_media":12455,"comment_status":"open","ping_status":"closed","sticky":false,"template":"","format":"standard","meta":{"footnotes":""},"categories":[107],"tags":[],"class_list":["post-12454","post","type-post","status-publish","format-standard","has-post-thumbnail","hentry","category-pandemie"],"_links":{"self":[{"href":"https:\/\/letempsmag.ma\/index.php?rest_route=\/wp\/v2\/posts\/12454","targetHints":{"allow":["GET"]}}],"collection":[{"href":"https:\/\/letempsmag.ma\/index.php?rest_route=\/wp\/v2\/posts"}],"about":[{"href":"https:\/\/letempsmag.ma\/index.php?rest_route=\/wp\/v2\/types\/post"}],"author":[{"embeddable":true,"href":"https:\/\/letempsmag.ma\/index.php?rest_route=\/wp\/v2\/users\/2"}],"replies":[{"embeddable":true,"href":"https:\/\/letempsmag.ma\/index.php?rest_route=%2Fwp%2Fv2%2Fcomments&post=12454"}],"version-history":[{"count":1,"href":"https:\/\/letempsmag.ma\/index.php?rest_route=\/wp\/v2\/posts\/12454\/revisions"}],"predecessor-version":[{"id":12456,"href":"https:\/\/letempsmag.ma\/index.php?rest_route=\/wp\/v2\/posts\/12454\/revisions\/12456"}],"wp:featuredmedia":[{"embeddable":true,"href":"https:\/\/letempsmag.ma\/index.php?rest_route=\/wp\/v2\/media\/12455"}],"wp:attachment":[{"href":"https:\/\/letempsmag.ma\/index.php?rest_route=%2Fwp%2Fv2%2Fmedia&parent=12454"}],"wp:term":[{"taxonomy":"category","embeddable":true,"href":"https:\/\/letempsmag.ma\/index.php?rest_route=%2Fwp%2Fv2%2Fcategories&post=12454"},{"taxonomy":"post_tag","embeddable":true,"href":"https:\/\/letempsmag.ma\/index.php?rest_route=%2Fwp%2Fv2%2Ftags&post=12454"}],"curies":[{"name":"wp","href":"https:\/\/api.w.org\/{rel}","templated":true}]}}