{"id":12451,"date":"2022-02-12T09:32:02","date_gmt":"2022-02-12T08:32:02","guid":{"rendered":"https:\/\/letempsmag.ma\/?p=12451"},"modified":"2022-02-12T09:33:33","modified_gmt":"2022-02-12T08:33:33","slug":"akhannouch-represente-le-maroc-au-one-ocean-summit-en-france","status":"publish","type":"post","link":"https:\/\/letempsmag.ma\/?p=12451","title":{"rendered":"Akhannouch repr\u00e9sente le Maroc au \u00abOne Ocean Summit\u00bb en France"},"content":{"rendered":"<p>Le premier Sommet international sur les oc\u00e9ans \u00abOne Ocean Summit\u00bb, destin\u00e9 \u00e0 mobiliser la communaut\u00e9 internationale en faveur de la pr\u00e9servation des oc\u00e9ans, s\u2019est ouvert hier vendredi \u00e0 Brest, dans le nord-ouest de la France, avec la participation du Maroc. Le Royaume est repr\u00e9sent\u00e9 \u00e0 cet \u00e9v\u00e9nement international de trois jours, qui a d\u00e9but\u00e9 mercredi, par le Chef du gouvernement, Aziz Akhannouch, qui conduit une d\u00e9l\u00e9gation de haut niveau. Aziz Akhannouch a \u00e9t\u00e9 accueilli, \u00e0 son arriv\u00e9e sur le site de l\u2019\u00e9v\u00e9nement, par le Pr\u00e9sident fran\u00e7ais Emmanuel Macron. Il prend part \u00e0 ce Sommet auquel participent, en pr\u00e9sentiel ou par visioconf\u00e9rence et des messages vid\u00e9o, une trentaine de Chefs d\u2019\u00c9tat et de gouvernement, ainsi que des dirigeants d\u2019organisations onusiennes et internationales, dont le Secr\u00e9taire G\u00e9n\u00e9ral de l\u2019ONU, Antonio Guterres, et la Directrice G\u00e9n\u00e9rale de l\u2019UNESCO, Audrey Azoulay. Pr\u00e8s de 400 experts, repr\u00e9sentants d\u2019ONG et dirigeants politiques des quatre coins du monde planchent, lors de se Sommet, sur des dossiers cruciaux pour imaginer des solutions en vue de la pr\u00e9servation des mers et des oc\u00e9ans.<br \/>\nAziz Akhannouch a soulign\u00e9, lors du Segment de Haut Niveau de ce premier Sommet, les progr\u00e8s r\u00e9alis\u00e9s par le Maroc dans la pr\u00e9servation des p\u00eaches et de la lutte contre la surp\u00eache, au cours d&#8217;une session intitul\u00e9e \u00abProt\u00e9ger et restaurer les \u00e9cosyst\u00e8mes marins et promouvoir une p\u00eache durable\u00bb. Le Chef du gouvernement a notamment soulign\u00e9 que les efforts d\u00e9ploy\u00e9s par les autorit\u00e9s marocaines dans le cadre de l\u2019encadrement du secteur ont permis \u00e0 ce que 95% des ressources capt\u00e9es au Maroc soient suivies par des sch\u00e9mas d&#8217;am\u00e9nagement.<br \/>\nAziz Akhannouch, qui repr\u00e9sente le Maroc \u00e0 cette manifestation internationale, est \u00e0 la t\u00eate d&#8217;une d\u00e9l\u00e9gation de haut niveau comprenant notamment le Ministre de l&#8217;Agriculture, de la P\u00eache, du D\u00e9veloppement rural, des Eaux et For\u00eats, Mohamed Sadiki, et l&#8217;Ambassadeur du Royaume \u00e0 Paris, Mohamed Bench\u00e2aboun.<br \/>\nDans une d\u00e9claration \u00e0 la presse, Aziz Akhannouch a soulign\u00e9 l&#8217;importance de la recherche scientifique qui reste un \u00e9l\u00e9ment essentiel pour une bonne connaissance des grands fonds et la capacit\u00e9 \u00e0 mettre en \u0153uvre des plans de d\u00e9veloppement dans le but de pr\u00e9server les oc\u00e9ans, soulignant les efforts faits par le Maroc dans ce domaine.<br \/>\nRappelons que ce Sommet \u00abOne Ocean Summit\u00bb est organis\u00e9 \u00e0 l&#8217;initiative de la France dans le cadre de sa pr\u00e9sidence du Conseil de l&#8217;Union Europ\u00e9enne, en coop\u00e9ration avec les Nations Unies. Il vise \u00e0 donner une impulsion politique forte \u00e0 l&#8217;agenda europ\u00e9en et international sur les enjeux de la mer, notamment pour r\u00e9ussir les n\u00e9gociations multilat\u00e9rales sur l&#8217;oc\u00e9an,, ainsi que les pr\u00e9paratifs de la Conf\u00e9rence des Nations Unies sur l&#8217;oc\u00e9an, qui se tiendra fin juin 2022 \u00e0 Lisbonne (Portugal).<\/p>\n<p>M. E.<\/p>\n","protected":false},"excerpt":{"rendered":"<p>Le premier Sommet international sur les oc\u00e9ans \u00abOne Ocean Summit\u00bb, destin\u00e9 \u00e0 mobiliser la communaut\u00e9 internationale en faveur de la pr\u00e9servation des oc\u00e9ans, s\u2019est ouvert hier vendredi \u00e0 Brest, dans le nord-ouest de la France, avec la participation du Maroc. Le Royaume est repr\u00e9sent\u00e9 \u00e0 cet \u00e9v\u00e9nement international de trois jours, qui a d\u00e9but\u00e9 mercredi, &hellip;<\/p>\n","protected":false},"author":2,"featured_media":12452,"comment_status":"open","ping_status":"closed","sticky":false,"template":"","format":"standard","meta":{"footnotes":""},"categories":[62],"tags":[],"class_list":["post-12451","post","type-post","status-publish","format-standard","has-post-thumbnail","hentry","category-environnement"],"_links":{"self":[{"href":"https:\/\/letempsmag.ma\/index.php?rest_route=\/wp\/v2\/posts\/12451","targetHints":{"allow":["GET"]}}],"collection":[{"href":"https:\/\/letempsmag.ma\/index.php?rest_route=\/wp\/v2\/posts"}],"about":[{"href":"https:\/\/letempsmag.ma\/index.php?rest_route=\/wp\/v2\/types\/post"}],"author":[{"embeddable":true,"href":"https:\/\/letempsmag.ma\/index.php?rest_route=\/wp\/v2\/users\/2"}],"replies":[{"embeddable":true,"href":"https:\/\/letempsmag.ma\/index.php?rest_route=%2Fwp%2Fv2%2Fcomments&post=12451"}],"version-history":[{"count":1,"href":"https:\/\/letempsmag.ma\/index.php?rest_route=\/wp\/v2\/posts\/12451\/revisions"}],"predecessor-version":[{"id":12453,"href":"https:\/\/letempsmag.ma\/index.php?rest_route=\/wp\/v2\/posts\/12451\/revisions\/12453"}],"wp:featuredmedia":[{"embeddable":true,"href":"https:\/\/letempsmag.ma\/index.php?rest_route=\/wp\/v2\/media\/12452"}],"wp:attachment":[{"href":"https:\/\/letempsmag.ma\/index.php?rest_route=%2Fwp%2Fv2%2Fmedia&parent=12451"}],"wp:term":[{"taxonomy":"category","embeddable":true,"href":"https:\/\/letempsmag.ma\/index.php?rest_route=%2Fwp%2Fv2%2Fcategories&post=12451"},{"taxonomy":"post_tag","embeddable":true,"href":"https:\/\/letempsmag.ma\/index.php?rest_route=%2Fwp%2Fv2%2Ftags&post=12451"}],"curies":[{"name":"wp","href":"https:\/\/api.w.org\/{rel}","templated":true}]}}