{"id":12445,"date":"2022-02-12T09:29:34","date_gmt":"2022-02-12T08:29:34","guid":{"rendered":"https:\/\/letempsmag.ma\/?p=12445"},"modified":"2022-02-12T09:29:34","modified_gmt":"2022-02-12T08:29:34","slug":"badr-lil-iskane-devoile-menara-city-son-nouveau-projet-a-marrakech","status":"publish","type":"post","link":"https:\/\/letempsmag.ma\/?p=12445","title":{"rendered":"Badr Lil Iskane d\u00e9voile \u00abM\u00e9nara City\u00bb, son nouveau projet \u00e0 Marrakech"},"content":{"rendered":"<p>Acteur majeur de la promotion immobili\u00e8re au Maroc depuis 2008, le groupe Badr Lil Iskane annonce des nouveaut\u00e9s \u00e0 Marrakech. Le promoteur immobilier cr\u00e9e des projets durables et innovants \u00e0 travers tous types de biens immobiliers, appartements, locaux commerciaux, plateaux de bureaux, lots de terrain, villas. Aussi bien \u00e0 Casablanca qu\u2019\u00e0 Marrakech.<br \/>\nDans la cit\u00e9 ocre, la nouveaut\u00e9 porte le nom de \u00abM\u00e9nara City\u00bb. Le projet s&#8217;\u00e9tend sur 15 hectares et comporte une majorit\u00e9 de logements sociaux, en plus de lots de terrains et de duplex, le tout avec une situation exceptionnelle \u00e0 3 km seulement de l&#8217;a\u00e9roport Marrakech-M\u00e9nara, sur la route de Guemassa.<br \/>\nLe projet se veut une cit\u00e9 compl\u00e8te et ind\u00e9pendante. Il a pour ambition d&#8217;offrir \u00e0 ses acqu\u00e9reurs toutes les commodit\u00e9s n\u00e9cessaires \u00e0 une vie agr\u00e9able et confortable. Il comporte notamment une mosqu\u00e9e, des commerces de proximit\u00e9, une clinique, une annexe administrative, un centre commercial, un hammam, des piscines, des espaces verts, des circuits de course et de v\u00e9lo, etc.<br \/>\nLe choix des mat\u00e9riaux, l\u2019agencement et l\u2019am\u00e9nagement r\u00e9pondent aux meilleures normes de qualit\u00e9 avec, entre autres, la pr\u00e9-installation de la climatisation centrale et la cuisine \u00e9quip\u00e9e.<br \/>\nLa r\u00e9v\u00e9lation pour le lancement de ce projet est programm\u00e9e aujourd\u2019hui, samedi 12 f\u00e9vrier, dans le cadre de Journ\u00e9es Portes Ouvertes qui ont d\u00e9marr\u00e9 jeudi dernier. L\u2019\u00e9v\u00e9nement sera marqu\u00e9, ce soir, par un show que donnera Badr Lil Iskane en pr\u00e9sence des parties-prenantes du projet, de figures bien connues de la sc\u00e8ne marocaine, ainsi que des plus importants clients du groupe.<br \/>\nLe credo du promoteur est de mettre \u00e0 la disposition des clients des logements, des locaux commerciaux et des lots qui r\u00e9pondent parfaitement \u00e0 leurs budgets, \u00e0 leurs attentes, mais surtout \u00e0 une qualit\u00e9 sup\u00e9rieure r\u00e9pondant aux normes internationales en vigueur.<br \/>\nLes projets en cours du promoteur portent des noms embl\u00e9matiques. \u00abOum El Rabii\u00bb propose ainsi des appartements de standing 1 \u00e0 3 chambres, de 53 m2 \u00e0 96 m2, d\u2019une finition de haute qualit\u00e9, un parking en sous-sol, une cuisine \u00e9quip\u00e9e, le tout dans le cadre d\u2019une r\u00e9sidence s\u00e9curis\u00e9e dot\u00e9e d\u2019ascenseurs et de la climatisation centralis\u00e9e. Pour sa part, \u00abOceanic\u00bb se veut un projet baln\u00e9aire v\u00e9ritablement pieds dans l\u2019eau, en front de l\u2019Oc\u00e9an Atlantique o\u00f9 r\u00e8gne une belle harmonie avec la nature environnante. Chaque m\u00e8tre carr\u00e9 y est con\u00e7u pour assurer un confort optimal et un r\u00e9el \u00e9panouissement pour les enfants. En rez-de-jardin, en rez-de-chauss\u00e9e ou en \u00abR+1\u00bb, les appartements du projet \u00abOceanic\u00bb sont con\u00e7us sur des superficies de 60 m2 \u00e0 90 m2, en tant qu\u2019espaces de vie \u00e9voluant naturellement pour s\u2019int\u00e9grer dans leur environnement. Pou le confort des dames, \u00abOceanic\u00bb leur d\u00e9die une piscine ensoleill\u00e9e et en altitude, rien que pour elles, tandis que les enfants profitent des nombreuses activit\u00e9s offertes par le Club Enfants de la r\u00e9sidence.<br \/>\nDepuis sa cr\u00e9ation, Badr Lil Iskane \u0153uvre ainsi \u00e0 cr\u00e9er des espaces de vie avec toujours la m\u00eame ambition : apporter des r\u00e9ponses concr\u00e8tes aux questions majeures li\u00e9es au logement r\u00e9sidentiel au Maroc. Ses exp\u00e9riences \u00e0 Casablanca et \u00e0 Marrakech d\u00e9montrent son engagement en tant que promoteur engag\u00e9 dans la qualit\u00e9 et la durabilit\u00e9.<\/p>\n<p>M. E.<\/p>\n","protected":false},"excerpt":{"rendered":"<p>Acteur majeur de la promotion immobili\u00e8re au Maroc depuis 2008, le groupe Badr Lil Iskane annonce des nouveaut\u00e9s \u00e0 Marrakech. Le promoteur immobilier cr\u00e9e des projets durables et innovants \u00e0 travers tous types de biens immobiliers, appartements, locaux commerciaux, plateaux de bureaux, lots de terrain, villas. Aussi bien \u00e0 Casablanca qu\u2019\u00e0 Marrakech. Dans la cit\u00e9 &hellip;<\/p>\n","protected":false},"author":2,"featured_media":12446,"comment_status":"open","ping_status":"closed","sticky":false,"template":"","format":"standard","meta":{"footnotes":""},"categories":[74],"tags":[],"class_list":["post-12445","post","type-post","status-publish","format-standard","has-post-thumbnail","hentry","category-immobilier"],"_links":{"self":[{"href":"https:\/\/letempsmag.ma\/index.php?rest_route=\/wp\/v2\/posts\/12445","targetHints":{"allow":["GET"]}}],"collection":[{"href":"https:\/\/letempsmag.ma\/index.php?rest_route=\/wp\/v2\/posts"}],"about":[{"href":"https:\/\/letempsmag.ma\/index.php?rest_route=\/wp\/v2\/types\/post"}],"author":[{"embeddable":true,"href":"https:\/\/letempsmag.ma\/index.php?rest_route=\/wp\/v2\/users\/2"}],"replies":[{"embeddable":true,"href":"https:\/\/letempsmag.ma\/index.php?rest_route=%2Fwp%2Fv2%2Fcomments&post=12445"}],"version-history":[{"count":1,"href":"https:\/\/letempsmag.ma\/index.php?rest_route=\/wp\/v2\/posts\/12445\/revisions"}],"predecessor-version":[{"id":12447,"href":"https:\/\/letempsmag.ma\/index.php?rest_route=\/wp\/v2\/posts\/12445\/revisions\/12447"}],"wp:featuredmedia":[{"embeddable":true,"href":"https:\/\/letempsmag.ma\/index.php?rest_route=\/wp\/v2\/media\/12446"}],"wp:attachment":[{"href":"https:\/\/letempsmag.ma\/index.php?rest_route=%2Fwp%2Fv2%2Fmedia&parent=12445"}],"wp:term":[{"taxonomy":"category","embeddable":true,"href":"https:\/\/letempsmag.ma\/index.php?rest_route=%2Fwp%2Fv2%2Fcategories&post=12445"},{"taxonomy":"post_tag","embeddable":true,"href":"https:\/\/letempsmag.ma\/index.php?rest_route=%2Fwp%2Fv2%2Ftags&post=12445"}],"curies":[{"name":"wp","href":"https:\/\/api.w.org\/{rel}","templated":true}]}}